{"id":3139,"date":"2017-11-09T11:43:15","date_gmt":"2017-11-09T10:43:15","guid":{"rendered":"https:\/\/delfingen.com\/trophee-du-droit\/"},"modified":"2018-01-16T15:52:42","modified_gmt":"2018-01-16T14:52:42","slug":"unsere-rechtsabteilung-wurde-waehrend-der-law-trophy-veranstaltung-paris-ausgezeichnet","status":"publish","type":"post","link":"https:\/\/delfingen.com\/de\/unsere-rechtsabteilung-wurde-waehrend-der-law-trophy-veranstaltung-paris-ausgezeichnet\/","title":{"rendered":"Unsere Rechtsabteilung wurde w\u00e4hrend der Law Trophy-Veranstaltung in Paris ausgezeichnet"},"content":{"rendered":"<p>Dieses von Leaders League organisierte Event f\u00fchrte f\u00fcr einen halben Tag die einflussreichsten Personen aus juristischen Kreisen bei Konferenzen \u00fcber Innovationen und die Zukunft der juristischen Berufe zusammen.<\/p>\n<p>Nach der Konferenz folgte eine Preisverleihung, bei der DELFINGENs Rechtsabteilung die Troph\u00e4e der &#8220;Industry, Environment &amp; Energy Legal Direction Trophy\u201d erhielt<\/p>\n<p>Herzlichen Gl\u00fcckwunsch an das Team f\u00fcr eure Leistung !<\/p>\n<p><img decoding=\"async\" class=\"alignnone size-large wp-image-2035\" src=\"https:\/\/delfingen.com\/medias\/trophee-droit-1400x899.jpg\" alt=\"\" width=\"100%\" \/><\/p>\n","protected":false},"excerpt":{"rendered":"<p>Dieses von Leaders League organisierte Event f\u00fchrte f\u00fcr einen halben Tag die einflussreichsten Personen aus juristischen Kreisen bei Konferenzen \u00fcber Innovationen und die Zukunft der juristischen Berufe zusammen. Nach der Konferenz folgte eine Preisverleihung, bei der DELFINGENs Rechtsabteilung die Troph\u00e4e der &#8220;Industry, Environment &amp; Energy Legal Direction Trophy\u201d erhielt Herzlichen Gl\u00fcckwunsch an das Team f\u00fcr [&hellip;]<\/p>\n","protected":false},"author":2,"featured_media":4132,"comment_status":"open","ping_status":"open","sticky":false,"template":"","format":"standard","meta":{"_acf_changed":false,"footnotes":""},"categories":[1],"tags":[],"class_list":["post-3139","post","type-post","status-publish","format-standard","has-post-thumbnail","hentry","category-non-classifiee"],"acf":[],"yoast_head":"<!-- This site is optimized with the Yoast SEO plugin v27.2 - https:\/\/yoast.com\/product\/yoast-seo-wordpress\/ -->\n<title>Unsere Rechtsabteilung wurde w\u00e4hrend der Law Trophy-Veranstaltung in Paris ausgezeichnet | DELFINGEN<\/title>\n<meta name=\"robots\" content=\"index, follow, max-snippet:-1, max-image-preview:large, max-video-preview:-1\" \/>\n<link rel=\"canonical\" href=\"https:\/\/delfingen.com\/de\/unsere-rechtsabteilung-wurde-waehrend-der-law-trophy-veranstaltung-paris-ausgezeichnet\/\" \/>\n<meta property=\"og:locale\" content=\"de_DE\" \/>\n<meta property=\"og:type\" content=\"article\" \/>\n<meta property=\"og:title\" content=\"Unsere Rechtsabteilung wurde w\u00e4hrend der Law Trophy-Veranstaltung in Paris ausgezeichnet | DELFINGEN\" \/>\n<meta property=\"og:description\" content=\"Dieses von Leaders League organisierte Event f\u00fchrte f\u00fcr einen halben Tag die einflussreichsten Personen aus juristischen Kreisen bei Konferenzen \u00fcber Innovationen und die Zukunft der juristischen Berufe zusammen. Nach der Konferenz folgte eine Preisverleihung, bei der DELFINGENs Rechtsabteilung die Troph\u00e4e der &#8220;Industry, Environment &amp; Energy Legal Direction Trophy\u201d erhielt Herzlichen Gl\u00fcckwunsch an das Team f\u00fcr [&hellip;]\" \/>\n<meta property=\"og:url\" content=\"https:\/\/delfingen.com\/de\/unsere-rechtsabteilung-wurde-waehrend-der-law-trophy-veranstaltung-paris-ausgezeichnet\/\" \/>\n<meta property=\"og:site_name\" content=\"DELFINGEN\" \/>\n<meta property=\"article:published_time\" content=\"2017-11-09T10:43:15+00:00\" \/>\n<meta property=\"article:modified_time\" content=\"2018-01-16T14:52:42+00:00\" \/>\n<meta property=\"og:image\" content=\"https:\/\/delfingen.com\/medias\/2017\/11\/trophee-droit.jpg\" \/>\n\t<meta property=\"og:image:width\" content=\"1920\" \/>\n\t<meta property=\"og:image:height\" content=\"1233\" \/>\n\t<meta property=\"og:image:type\" content=\"image\/jpeg\" \/>\n<meta name=\"author\" content=\"admin-novembre\" \/>\n<meta name=\"twitter:card\" content=\"summary_large_image\" \/>\n<meta name=\"twitter:label1\" content=\"Verfasst von\" \/>\n\t<meta name=\"twitter:data1\" content=\"admin-novembre\" \/>\n<script type=\"application\/ld+json\" class=\"yoast-schema-graph\">{\"@context\":\"https:\/\/schema.org\",\"@graph\":[{\"@type\":\"Article\",\"@id\":\"https:\/\/delfingen.com\/de\/unsere-rechtsabteilung-wurde-waehrend-der-law-trophy-veranstaltung-paris-ausgezeichnet\/#article\",\"isPartOf\":{\"@id\":\"https:\/\/delfingen.com\/de\/unsere-rechtsabteilung-wurde-waehrend-der-law-trophy-veranstaltung-paris-ausgezeichnet\/\"},\"author\":{\"name\":\"admin-novembre\",\"@id\":\"https:\/\/delfingen.com\/en\/#\/schema\/person\/1de9807dfaafd6e880285518b0c7f01a\"},\"headline\":\"Unsere Rechtsabteilung wurde w\u00e4hrend der Law Trophy-Veranstaltung in Paris ausgezeichnet\",\"datePublished\":\"2017-11-09T10:43:15+00:00\",\"dateModified\":\"2018-01-16T14:52:42+00:00\",\"mainEntityOfPage\":{\"@id\":\"https:\/\/delfingen.com\/de\/unsere-rechtsabteilung-wurde-waehrend-der-law-trophy-veranstaltung-paris-ausgezeichnet\/\"},\"wordCount\":73,\"commentCount\":0,\"image\":{\"@id\":\"https:\/\/delfingen.com\/de\/unsere-rechtsabteilung-wurde-waehrend-der-law-trophy-veranstaltung-paris-ausgezeichnet\/#primaryimage\"},\"thumbnailUrl\":\"https:\/\/delfingen.com\/medias\/2017\/11\/trophee-droit.jpg\",\"articleSection\":[\"Non classifi\u00e9(e)\"],\"inLanguage\":\"de-DE\",\"potentialAction\":[{\"@type\":\"CommentAction\",\"name\":\"Comment\",\"target\":[\"https:\/\/delfingen.com\/de\/unsere-rechtsabteilung-wurde-waehrend-der-law-trophy-veranstaltung-paris-ausgezeichnet\/#respond\"]}]},{\"@type\":\"WebPage\",\"@id\":\"https:\/\/delfingen.com\/de\/unsere-rechtsabteilung-wurde-waehrend-der-law-trophy-veranstaltung-paris-ausgezeichnet\/\",\"url\":\"https:\/\/delfingen.com\/de\/unsere-rechtsabteilung-wurde-waehrend-der-law-trophy-veranstaltung-paris-ausgezeichnet\/\",\"name\":\"Unsere Rechtsabteilung wurde w\u00e4hrend der Law Trophy-Veranstaltung in Paris ausgezeichnet | DELFINGEN\",\"isPartOf\":{\"@id\":\"https:\/\/delfingen.com\/en\/#website\"},\"primaryImageOfPage\":{\"@id\":\"https:\/\/delfingen.com\/de\/unsere-rechtsabteilung-wurde-waehrend-der-law-trophy-veranstaltung-paris-ausgezeichnet\/#primaryimage\"},\"image\":{\"@id\":\"https:\/\/delfingen.com\/de\/unsere-rechtsabteilung-wurde-waehrend-der-law-trophy-veranstaltung-paris-ausgezeichnet\/#primaryimage\"},\"thumbnailUrl\":\"https:\/\/delfingen.com\/medias\/2017\/11\/trophee-droit.jpg\",\"datePublished\":\"2017-11-09T10:43:15+00:00\",\"dateModified\":\"2018-01-16T14:52:42+00:00\",\"author\":{\"@id\":\"https:\/\/delfingen.com\/en\/#\/schema\/person\/1de9807dfaafd6e880285518b0c7f01a\"},\"inLanguage\":\"de-DE\",\"potentialAction\":[{\"@type\":\"ReadAction\",\"target\":[\"https:\/\/delfingen.com\/de\/unsere-rechtsabteilung-wurde-waehrend-der-law-trophy-veranstaltung-paris-ausgezeichnet\/\"]}]},{\"@type\":\"ImageObject\",\"inLanguage\":\"de-DE\",\"@id\":\"https:\/\/delfingen.com\/de\/unsere-rechtsabteilung-wurde-waehrend-der-law-trophy-veranstaltung-paris-ausgezeichnet\/#primaryimage\",\"url\":\"https:\/\/delfingen.com\/medias\/2017\/11\/trophee-droit.jpg\",\"contentUrl\":\"https:\/\/delfingen.com\/medias\/2017\/11\/trophee-droit.jpg\",\"width\":1920,\"height\":1233},{\"@type\":\"WebSite\",\"@id\":\"https:\/\/delfingen.com\/en\/#website\",\"url\":\"https:\/\/delfingen.com\/en\/\",\"name\":\"DELFINGEN\",\"description\":\"\u00c9quipementier automobile mondial\",\"potentialAction\":[{\"@type\":\"SearchAction\",\"target\":{\"@type\":\"EntryPoint\",\"urlTemplate\":\"https:\/\/delfingen.com\/en\/?s={search_term_string}\"},\"query-input\":{\"@type\":\"PropertyValueSpecification\",\"valueRequired\":true,\"valueName\":\"search_term_string\"}}],\"inLanguage\":\"de-DE\"},{\"@type\":\"Person\",\"@id\":\"https:\/\/delfingen.com\/en\/#\/schema\/person\/1de9807dfaafd6e880285518b0c7f01a\",\"name\":\"admin-novembre\"}]}<\/script>\n<!-- \/ Yoast SEO plugin. -->","yoast_head_json":{"title":"Unsere Rechtsabteilung wurde w\u00e4hrend der Law Trophy-Veranstaltung in Paris ausgezeichnet | DELFINGEN","robots":{"index":"index","follow":"follow","max-snippet":"max-snippet:-1","max-image-preview":"max-image-preview:large","max-video-preview":"max-video-preview:-1"},"canonical":"https:\/\/delfingen.com\/de\/unsere-rechtsabteilung-wurde-waehrend-der-law-trophy-veranstaltung-paris-ausgezeichnet\/","og_locale":"de_DE","og_type":"article","og_title":"Unsere Rechtsabteilung wurde w\u00e4hrend der Law Trophy-Veranstaltung in Paris ausgezeichnet | DELFINGEN","og_description":"Dieses von Leaders League organisierte Event f\u00fchrte f\u00fcr einen halben Tag die einflussreichsten Personen aus juristischen Kreisen bei Konferenzen \u00fcber Innovationen und die Zukunft der juristischen Berufe zusammen. Nach der Konferenz folgte eine Preisverleihung, bei der DELFINGENs Rechtsabteilung die Troph\u00e4e der &#8220;Industry, Environment &amp; Energy Legal Direction Trophy\u201d erhielt Herzlichen Gl\u00fcckwunsch an das Team f\u00fcr [&hellip;]","og_url":"https:\/\/delfingen.com\/de\/unsere-rechtsabteilung-wurde-waehrend-der-law-trophy-veranstaltung-paris-ausgezeichnet\/","og_site_name":"DELFINGEN","article_published_time":"2017-11-09T10:43:15+00:00","article_modified_time":"2018-01-16T14:52:42+00:00","og_image":[{"width":1920,"height":1233,"url":"https:\/\/delfingen.com\/medias\/2017\/11\/trophee-droit.jpg","type":"image\/jpeg"}],"author":"admin-novembre","twitter_card":"summary_large_image","twitter_misc":{"Verfasst von":"admin-novembre"},"schema":{"@context":"https:\/\/schema.org","@graph":[{"@type":"Article","@id":"https:\/\/delfingen.com\/de\/unsere-rechtsabteilung-wurde-waehrend-der-law-trophy-veranstaltung-paris-ausgezeichnet\/#article","isPartOf":{"@id":"https:\/\/delfingen.com\/de\/unsere-rechtsabteilung-wurde-waehrend-der-law-trophy-veranstaltung-paris-ausgezeichnet\/"},"author":{"name":"admin-novembre","@id":"https:\/\/delfingen.com\/en\/#\/schema\/person\/1de9807dfaafd6e880285518b0c7f01a"},"headline":"Unsere Rechtsabteilung wurde w\u00e4hrend der Law Trophy-Veranstaltung in Paris ausgezeichnet","datePublished":"2017-11-09T10:43:15+00:00","dateModified":"2018-01-16T14:52:42+00:00","mainEntityOfPage":{"@id":"https:\/\/delfingen.com\/de\/unsere-rechtsabteilung-wurde-waehrend-der-law-trophy-veranstaltung-paris-ausgezeichnet\/"},"wordCount":73,"commentCount":0,"image":{"@id":"https:\/\/delfingen.com\/de\/unsere-rechtsabteilung-wurde-waehrend-der-law-trophy-veranstaltung-paris-ausgezeichnet\/#primaryimage"},"thumbnailUrl":"https:\/\/delfingen.com\/medias\/2017\/11\/trophee-droit.jpg","articleSection":["Non classifi\u00e9(e)"],"inLanguage":"de-DE","potentialAction":[{"@type":"CommentAction","name":"Comment","target":["https:\/\/delfingen.com\/de\/unsere-rechtsabteilung-wurde-waehrend-der-law-trophy-veranstaltung-paris-ausgezeichnet\/#respond"]}]},{"@type":"WebPage","@id":"https:\/\/delfingen.com\/de\/unsere-rechtsabteilung-wurde-waehrend-der-law-trophy-veranstaltung-paris-ausgezeichnet\/","url":"https:\/\/delfingen.com\/de\/unsere-rechtsabteilung-wurde-waehrend-der-law-trophy-veranstaltung-paris-ausgezeichnet\/","name":"Unsere Rechtsabteilung wurde w\u00e4hrend der Law Trophy-Veranstaltung in Paris ausgezeichnet | DELFINGEN","isPartOf":{"@id":"https:\/\/delfingen.com\/en\/#website"},"primaryImageOfPage":{"@id":"https:\/\/delfingen.com\/de\/unsere-rechtsabteilung-wurde-waehrend-der-law-trophy-veranstaltung-paris-ausgezeichnet\/#primaryimage"},"image":{"@id":"https:\/\/delfingen.com\/de\/unsere-rechtsabteilung-wurde-waehrend-der-law-trophy-veranstaltung-paris-ausgezeichnet\/#primaryimage"},"thumbnailUrl":"https:\/\/delfingen.com\/medias\/2017\/11\/trophee-droit.jpg","datePublished":"2017-11-09T10:43:15+00:00","dateModified":"2018-01-16T14:52:42+00:00","author":{"@id":"https:\/\/delfingen.com\/en\/#\/schema\/person\/1de9807dfaafd6e880285518b0c7f01a"},"inLanguage":"de-DE","potentialAction":[{"@type":"ReadAction","target":["https:\/\/delfingen.com\/de\/unsere-rechtsabteilung-wurde-waehrend-der-law-trophy-veranstaltung-paris-ausgezeichnet\/"]}]},{"@type":"ImageObject","inLanguage":"de-DE","@id":"https:\/\/delfingen.com\/de\/unsere-rechtsabteilung-wurde-waehrend-der-law-trophy-veranstaltung-paris-ausgezeichnet\/#primaryimage","url":"https:\/\/delfingen.com\/medias\/2017\/11\/trophee-droit.jpg","contentUrl":"https:\/\/delfingen.com\/medias\/2017\/11\/trophee-droit.jpg","width":1920,"height":1233},{"@type":"WebSite","@id":"https:\/\/delfingen.com\/en\/#website","url":"https:\/\/delfingen.com\/en\/","name":"DELFINGEN","description":"\u00c9quipementier automobile mondial","potentialAction":[{"@type":"SearchAction","target":{"@type":"EntryPoint","urlTemplate":"https:\/\/delfingen.com\/en\/?s={search_term_string}"},"query-input":{"@type":"PropertyValueSpecification","valueRequired":true,"valueName":"search_term_string"}}],"inLanguage":"de-DE"},{"@type":"Person","@id":"https:\/\/delfingen.com\/en\/#\/schema\/person\/1de9807dfaafd6e880285518b0c7f01a","name":"admin-novembre"}]}},"_links":{"self":[{"href":"https:\/\/delfingen.com\/de\/wp-json\/wp\/v2\/posts\/3139","targetHints":{"allow":["GET"]}}],"collection":[{"href":"https:\/\/delfingen.com\/de\/wp-json\/wp\/v2\/posts"}],"about":[{"href":"https:\/\/delfingen.com\/de\/wp-json\/wp\/v2\/types\/post"}],"author":[{"embeddable":true,"href":"https:\/\/delfingen.com\/de\/wp-json\/wp\/v2\/users\/2"}],"replies":[{"embeddable":true,"href":"https:\/\/delfingen.com\/de\/wp-json\/wp\/v2\/comments?post=3139"}],"version-history":[{"count":5,"href":"https:\/\/delfingen.com\/de\/wp-json\/wp\/v2\/posts\/3139\/revisions"}],"predecessor-version":[{"id":5582,"href":"https:\/\/delfingen.com\/de\/wp-json\/wp\/v2\/posts\/3139\/revisions\/5582"}],"wp:featuredmedia":[{"embeddable":true,"href":"https:\/\/delfingen.com\/de\/wp-json\/wp\/v2\/media\/4132"}],"wp:attachment":[{"href":"https:\/\/delfingen.com\/de\/wp-json\/wp\/v2\/media?parent=3139"}],"wp:term":[{"taxonomy":"category","embeddable":true,"href":"https:\/\/delfingen.com\/de\/wp-json\/wp\/v2\/categories?post=3139"},{"taxonomy":"post_tag","embeddable":true,"href":"https:\/\/delfingen.com\/de\/wp-json\/wp\/v2\/tags?post=3139"}],"curies":[{"name":"wp","href":"https:\/\/api.w.org\/{rel}","templated":true}]}}