{"id":3281,"date":"2017-10-06T11:48:03","date_gmt":"2017-10-06T09:48:03","guid":{"rendered":"https:\/\/delfingen.com\/ouverture-dun-nouveau-site-au-nicaragua\/"},"modified":"2017-11-29T17:09:06","modified_gmt":"2017-11-29T16:09:06","slug":"delfingen-offnet-ein-neues-werk-in-nicaragua","status":"publish","type":"post","link":"https:\/\/delfingen.com\/de\/delfingen-offnet-ein-neues-werk-in-nicaragua\/","title":{"rendered":"DELFINGEN \u00f6ffnet ein neues Werk in Nicaragua"},"content":{"rendered":"<p>Wir freuen uns \u00fcber die Er\u00f6ffnung eines neuen Werks in Nicaragua und die damit verbundene Erweiterung unserer weltweiten Pr\u00e4senz sowie den Eintritt in eine strategische Phase unserer Entwicklung.<\/p>\n<p>Dieses neue Werk, dessen Einweihung f\u00fcr das 1. Quartal 2018 geplant ist, wird unsere Produktions- und Logistikkapazit\u00e4ten in Mittelamerika verst\u00e4rken, einer Region mit hohem Potential in der Automobilindustrie.<\/p>\n<p>Dieses Werk wird sich auf die Produktion von Schutzl\u00f6sungen f\u00fcr den Kabelbaum im Automobil spezialisieren. Es umfasst ein hochmodernes Logistikzentrum, welches es uns erm\u00f6glicht, unseren regionalen Kunden mehr Flexibilit\u00e4t, Reaktionsschnelligkeit und kundenindividuelle Dienstleistungen anzubieten.<\/p>\n<p><img loading=\"lazy\" decoding=\"async\" class=\"alignnone size-large wp-image-1459\" src=\"https:\/\/delfingen.com\/medias\/ouverture-nicaragua-1400x739.jpg\" alt=\"\" width=\"1400\" height=\"739\" \/><\/p>\n<p><img loading=\"lazy\" decoding=\"async\" class=\"alignnone wp-image-1610 size-full\" src=\"https:\/\/delfingen.com\/medias\/delfingen-nicaragua.jpg\" alt=\"\" width=\"1024\" height=\"724\" \/><\/p>\n","protected":false},"excerpt":{"rendered":"<p>Wir freuen uns \u00fcber die Er\u00f6ffnung eines neuen Werks in Nicaragua und die damit verbundene Erweiterung unserer weltweiten Pr\u00e4senz sowie den Eintritt in eine strategische Phase unserer Entwicklung. Dieses neue Werk, dessen Einweihung f\u00fcr das 1. Quartal 2018 geplant ist, wird unsere Produktions- und Logistikkapazit\u00e4ten in Mittelamerika verst\u00e4rken, einer Region mit hohem Potential in der [&hellip;]<\/p>\n","protected":false},"author":2,"featured_media":1459,"comment_status":"open","ping_status":"open","sticky":false,"template":"","format":"standard","meta":{"_acf_changed":false,"footnotes":""},"categories":[1],"tags":[],"class_list":["post-3281","post","type-post","status-publish","format-standard","has-post-thumbnail","hentry","category-non-classifiee"],"acf":[],"yoast_head":"<!-- This site is optimized with the Yoast SEO plugin v27.2 - https:\/\/yoast.com\/product\/yoast-seo-wordpress\/ -->\n<title>DELFINGEN \u00f6ffnet ein neues Werk in Nicaragua | DELFINGEN<\/title>\n<meta name=\"robots\" content=\"index, follow, max-snippet:-1, max-image-preview:large, max-video-preview:-1\" \/>\n<link rel=\"canonical\" href=\"https:\/\/delfingen.com\/de\/delfingen-offnet-ein-neues-werk-in-nicaragua\/\" \/>\n<meta property=\"og:locale\" content=\"de_DE\" \/>\n<meta property=\"og:type\" content=\"article\" \/>\n<meta property=\"og:title\" content=\"DELFINGEN \u00f6ffnet ein neues Werk in Nicaragua | DELFINGEN\" \/>\n<meta property=\"og:description\" content=\"Wir freuen uns \u00fcber die Er\u00f6ffnung eines neuen Werks in Nicaragua und die damit verbundene Erweiterung unserer weltweiten Pr\u00e4senz sowie den Eintritt in eine strategische Phase unserer Entwicklung. Dieses neue Werk, dessen Einweihung f\u00fcr das 1. Quartal 2018 geplant ist, wird unsere Produktions- und Logistikkapazit\u00e4ten in Mittelamerika verst\u00e4rken, einer Region mit hohem Potential in der [&hellip;]\" \/>\n<meta property=\"og:url\" content=\"https:\/\/delfingen.com\/de\/delfingen-offnet-ein-neues-werk-in-nicaragua\/\" \/>\n<meta property=\"og:site_name\" content=\"DELFINGEN\" \/>\n<meta property=\"article:published_time\" content=\"2017-10-06T09:48:03+00:00\" \/>\n<meta property=\"article:modified_time\" content=\"2017-11-29T16:09:06+00:00\" \/>\n<meta property=\"og:image\" content=\"https:\/\/delfingen.com\/medias\/2017\/11\/ouverture-nicaragua.jpg\" \/>\n\t<meta property=\"og:image:width\" content=\"1920\" \/>\n\t<meta property=\"og:image:height\" content=\"1013\" \/>\n\t<meta property=\"og:image:type\" content=\"image\/jpeg\" \/>\n<meta name=\"author\" content=\"admin-novembre\" \/>\n<meta name=\"twitter:card\" content=\"summary_large_image\" \/>\n<meta name=\"twitter:label1\" content=\"Verfasst von\" \/>\n\t<meta name=\"twitter:data1\" content=\"admin-novembre\" \/>\n<script type=\"application\/ld+json\" class=\"yoast-schema-graph\">{\"@context\":\"https:\/\/schema.org\",\"@graph\":[{\"@type\":\"Article\",\"@id\":\"https:\/\/delfingen.com\/de\/delfingen-offnet-ein-neues-werk-in-nicaragua\/#article\",\"isPartOf\":{\"@id\":\"https:\/\/delfingen.com\/de\/delfingen-offnet-ein-neues-werk-in-nicaragua\/\"},\"author\":{\"name\":\"admin-novembre\",\"@id\":\"https:\/\/delfingen.com\/en\/#\/schema\/person\/1de9807dfaafd6e880285518b0c7f01a\"},\"headline\":\"DELFINGEN \u00f6ffnet ein neues Werk in Nicaragua\",\"datePublished\":\"2017-10-06T09:48:03+00:00\",\"dateModified\":\"2017-11-29T16:09:06+00:00\",\"mainEntityOfPage\":{\"@id\":\"https:\/\/delfingen.com\/de\/delfingen-offnet-ein-neues-werk-in-nicaragua\/\"},\"wordCount\":104,\"commentCount\":0,\"image\":{\"@id\":\"https:\/\/delfingen.com\/de\/delfingen-offnet-ein-neues-werk-in-nicaragua\/#primaryimage\"},\"thumbnailUrl\":\"https:\/\/delfingen.com\/medias\/2017\/11\/ouverture-nicaragua.jpg\",\"articleSection\":[\"Non classifi\u00e9(e)\"],\"inLanguage\":\"de-DE\",\"potentialAction\":[{\"@type\":\"CommentAction\",\"name\":\"Comment\",\"target\":[\"https:\/\/delfingen.com\/de\/delfingen-offnet-ein-neues-werk-in-nicaragua\/#respond\"]}]},{\"@type\":\"WebPage\",\"@id\":\"https:\/\/delfingen.com\/de\/delfingen-offnet-ein-neues-werk-in-nicaragua\/\",\"url\":\"https:\/\/delfingen.com\/de\/delfingen-offnet-ein-neues-werk-in-nicaragua\/\",\"name\":\"DELFINGEN \u00f6ffnet ein neues Werk in Nicaragua | DELFINGEN\",\"isPartOf\":{\"@id\":\"https:\/\/delfingen.com\/en\/#website\"},\"primaryImageOfPage\":{\"@id\":\"https:\/\/delfingen.com\/de\/delfingen-offnet-ein-neues-werk-in-nicaragua\/#primaryimage\"},\"image\":{\"@id\":\"https:\/\/delfingen.com\/de\/delfingen-offnet-ein-neues-werk-in-nicaragua\/#primaryimage\"},\"thumbnailUrl\":\"https:\/\/delfingen.com\/medias\/2017\/11\/ouverture-nicaragua.jpg\",\"datePublished\":\"2017-10-06T09:48:03+00:00\",\"dateModified\":\"2017-11-29T16:09:06+00:00\",\"author\":{\"@id\":\"https:\/\/delfingen.com\/en\/#\/schema\/person\/1de9807dfaafd6e880285518b0c7f01a\"},\"inLanguage\":\"de-DE\",\"potentialAction\":[{\"@type\":\"ReadAction\",\"target\":[\"https:\/\/delfingen.com\/de\/delfingen-offnet-ein-neues-werk-in-nicaragua\/\"]}]},{\"@type\":\"ImageObject\",\"inLanguage\":\"de-DE\",\"@id\":\"https:\/\/delfingen.com\/de\/delfingen-offnet-ein-neues-werk-in-nicaragua\/#primaryimage\",\"url\":\"https:\/\/delfingen.com\/medias\/2017\/11\/ouverture-nicaragua.jpg\",\"contentUrl\":\"https:\/\/delfingen.com\/medias\/2017\/11\/ouverture-nicaragua.jpg\",\"width\":1920,\"height\":1013},{\"@type\":\"WebSite\",\"@id\":\"https:\/\/delfingen.com\/en\/#website\",\"url\":\"https:\/\/delfingen.com\/en\/\",\"name\":\"DELFINGEN\",\"description\":\"\u00c9quipementier automobile mondial\",\"potentialAction\":[{\"@type\":\"SearchAction\",\"target\":{\"@type\":\"EntryPoint\",\"urlTemplate\":\"https:\/\/delfingen.com\/en\/?s={search_term_string}\"},\"query-input\":{\"@type\":\"PropertyValueSpecification\",\"valueRequired\":true,\"valueName\":\"search_term_string\"}}],\"inLanguage\":\"de-DE\"},{\"@type\":\"Person\",\"@id\":\"https:\/\/delfingen.com\/en\/#\/schema\/person\/1de9807dfaafd6e880285518b0c7f01a\",\"name\":\"admin-novembre\"}]}<\/script>\n<!-- \/ Yoast SEO plugin. -->","yoast_head_json":{"title":"DELFINGEN \u00f6ffnet ein neues Werk in Nicaragua | DELFINGEN","robots":{"index":"index","follow":"follow","max-snippet":"max-snippet:-1","max-image-preview":"max-image-preview:large","max-video-preview":"max-video-preview:-1"},"canonical":"https:\/\/delfingen.com\/de\/delfingen-offnet-ein-neues-werk-in-nicaragua\/","og_locale":"de_DE","og_type":"article","og_title":"DELFINGEN \u00f6ffnet ein neues Werk in Nicaragua | DELFINGEN","og_description":"Wir freuen uns \u00fcber die Er\u00f6ffnung eines neuen Werks in Nicaragua und die damit verbundene Erweiterung unserer weltweiten Pr\u00e4senz sowie den Eintritt in eine strategische Phase unserer Entwicklung. Dieses neue Werk, dessen Einweihung f\u00fcr das 1. Quartal 2018 geplant ist, wird unsere Produktions- und Logistikkapazit\u00e4ten in Mittelamerika verst\u00e4rken, einer Region mit hohem Potential in der [&hellip;]","og_url":"https:\/\/delfingen.com\/de\/delfingen-offnet-ein-neues-werk-in-nicaragua\/","og_site_name":"DELFINGEN","article_published_time":"2017-10-06T09:48:03+00:00","article_modified_time":"2017-11-29T16:09:06+00:00","og_image":[{"width":1920,"height":1013,"url":"https:\/\/delfingen.com\/medias\/2017\/11\/ouverture-nicaragua.jpg","type":"image\/jpeg"}],"author":"admin-novembre","twitter_card":"summary_large_image","twitter_misc":{"Verfasst von":"admin-novembre"},"schema":{"@context":"https:\/\/schema.org","@graph":[{"@type":"Article","@id":"https:\/\/delfingen.com\/de\/delfingen-offnet-ein-neues-werk-in-nicaragua\/#article","isPartOf":{"@id":"https:\/\/delfingen.com\/de\/delfingen-offnet-ein-neues-werk-in-nicaragua\/"},"author":{"name":"admin-novembre","@id":"https:\/\/delfingen.com\/en\/#\/schema\/person\/1de9807dfaafd6e880285518b0c7f01a"},"headline":"DELFINGEN \u00f6ffnet ein neues Werk in Nicaragua","datePublished":"2017-10-06T09:48:03+00:00","dateModified":"2017-11-29T16:09:06+00:00","mainEntityOfPage":{"@id":"https:\/\/delfingen.com\/de\/delfingen-offnet-ein-neues-werk-in-nicaragua\/"},"wordCount":104,"commentCount":0,"image":{"@id":"https:\/\/delfingen.com\/de\/delfingen-offnet-ein-neues-werk-in-nicaragua\/#primaryimage"},"thumbnailUrl":"https:\/\/delfingen.com\/medias\/2017\/11\/ouverture-nicaragua.jpg","articleSection":["Non classifi\u00e9(e)"],"inLanguage":"de-DE","potentialAction":[{"@type":"CommentAction","name":"Comment","target":["https:\/\/delfingen.com\/de\/delfingen-offnet-ein-neues-werk-in-nicaragua\/#respond"]}]},{"@type":"WebPage","@id":"https:\/\/delfingen.com\/de\/delfingen-offnet-ein-neues-werk-in-nicaragua\/","url":"https:\/\/delfingen.com\/de\/delfingen-offnet-ein-neues-werk-in-nicaragua\/","name":"DELFINGEN \u00f6ffnet ein neues Werk in Nicaragua | DELFINGEN","isPartOf":{"@id":"https:\/\/delfingen.com\/en\/#website"},"primaryImageOfPage":{"@id":"https:\/\/delfingen.com\/de\/delfingen-offnet-ein-neues-werk-in-nicaragua\/#primaryimage"},"image":{"@id":"https:\/\/delfingen.com\/de\/delfingen-offnet-ein-neues-werk-in-nicaragua\/#primaryimage"},"thumbnailUrl":"https:\/\/delfingen.com\/medias\/2017\/11\/ouverture-nicaragua.jpg","datePublished":"2017-10-06T09:48:03+00:00","dateModified":"2017-11-29T16:09:06+00:00","author":{"@id":"https:\/\/delfingen.com\/en\/#\/schema\/person\/1de9807dfaafd6e880285518b0c7f01a"},"inLanguage":"de-DE","potentialAction":[{"@type":"ReadAction","target":["https:\/\/delfingen.com\/de\/delfingen-offnet-ein-neues-werk-in-nicaragua\/"]}]},{"@type":"ImageObject","inLanguage":"de-DE","@id":"https:\/\/delfingen.com\/de\/delfingen-offnet-ein-neues-werk-in-nicaragua\/#primaryimage","url":"https:\/\/delfingen.com\/medias\/2017\/11\/ouverture-nicaragua.jpg","contentUrl":"https:\/\/delfingen.com\/medias\/2017\/11\/ouverture-nicaragua.jpg","width":1920,"height":1013},{"@type":"WebSite","@id":"https:\/\/delfingen.com\/en\/#website","url":"https:\/\/delfingen.com\/en\/","name":"DELFINGEN","description":"\u00c9quipementier automobile mondial","potentialAction":[{"@type":"SearchAction","target":{"@type":"EntryPoint","urlTemplate":"https:\/\/delfingen.com\/en\/?s={search_term_string}"},"query-input":{"@type":"PropertyValueSpecification","valueRequired":true,"valueName":"search_term_string"}}],"inLanguage":"de-DE"},{"@type":"Person","@id":"https:\/\/delfingen.com\/en\/#\/schema\/person\/1de9807dfaafd6e880285518b0c7f01a","name":"admin-novembre"}]}},"_links":{"self":[{"href":"https:\/\/delfingen.com\/de\/wp-json\/wp\/v2\/posts\/3281","targetHints":{"allow":["GET"]}}],"collection":[{"href":"https:\/\/delfingen.com\/de\/wp-json\/wp\/v2\/posts"}],"about":[{"href":"https:\/\/delfingen.com\/de\/wp-json\/wp\/v2\/types\/post"}],"author":[{"embeddable":true,"href":"https:\/\/delfingen.com\/de\/wp-json\/wp\/v2\/users\/2"}],"replies":[{"embeddable":true,"href":"https:\/\/delfingen.com\/de\/wp-json\/wp\/v2\/comments?post=3281"}],"version-history":[{"count":2,"href":"https:\/\/delfingen.com\/de\/wp-json\/wp\/v2\/posts\/3281\/revisions"}],"predecessor-version":[{"id":3413,"href":"https:\/\/delfingen.com\/de\/wp-json\/wp\/v2\/posts\/3281\/revisions\/3413"}],"wp:featuredmedia":[{"embeddable":true,"href":"https:\/\/delfingen.com\/de\/wp-json\/wp\/v2\/media\/1459"}],"wp:attachment":[{"href":"https:\/\/delfingen.com\/de\/wp-json\/wp\/v2\/media?parent=3281"}],"wp:term":[{"taxonomy":"category","embeddable":true,"href":"https:\/\/delfingen.com\/de\/wp-json\/wp\/v2\/categories?post=3281"},{"taxonomy":"post_tag","embeddable":true,"href":"https:\/\/delfingen.com\/de\/wp-json\/wp\/v2\/tags?post=3281"}],"curies":[{"name":"wp","href":"https:\/\/api.w.org\/{rel}","templated":true}]}}