{"id":3775,"date":"2017-09-20T11:26:06","date_gmt":"2017-09-20T09:26:06","guid":{"rendered":"https:\/\/delfingen.com\/partenariat-entre-delfingen-et-essilor-vision\/"},"modified":"2018-08-08T10:33:41","modified_gmt":"2018-08-08T08:33:41","slug":"partnerschaft-zwischen-delfingen-foundation-essilor-vision-foundation","status":"publish","type":"post","link":"https:\/\/delfingen.com\/de\/partnerschaft-zwischen-delfingen-foundation-essilor-vision-foundation\/","title":{"rendered":"Partnerschaft zwischen DELFINGEN Foundation &#038; ESSILOR VISION Foundation"},"content":{"rendered":"<h2><strong>Die Stiftung Essilor Vision und die DELFINGEN Foundation schlie\u00dfen sich zusammen, um das Sehverm\u00f6gen der DELFINGEN-Mitarbeiter und ihrer Familien in Cebu auf den Philippinen zu verbessern.<\/strong><\/h2>\n<p><a href=\"https:\/\/www.essilorvisionfoundation.org\/\">Die Stiftung Essilor Vision<\/a> und <a href=\"https:\/\/delfingen.com\/de\/delfingen-stiftung\/\">die DELFINGEN Foundation<\/a> haben sich zusammengeschlossen, um den DELFINGEN-Mitarbeitern und ihren Familien &#8211; insgesamt \u00fcber 600 Personen &#8211; Augenuntersuchungen anzubieten.<\/p>\n<p>Die Aktion fand an zwei Tagen, am 16. und 17. September in Cebu, Philippinen, statt und wurde von rund 30 Freiwilligen von den Philippinen, aus Singapur, Thailand und Frankreich unterst\u00fctzt. Die Veranstaltung fand im Beisein von Frau Aicha Mokdahi, Pr\u00e4sidentin der Stiftung Essilor Vision, und Herrn Bernard Streit, Pr\u00e4sident der DELFINGEN Foundation, statt.<\/p>\n<p>&nbsp;<\/p>\n<h3>Zwei Tage, zwei Zielsetzungen: Zugang zur Gesundheitsversorgung und Aufkl\u00e4rungsarbeit<\/h3>\n<p>Jeder dritte Mensch auf der Welt braucht eine Sehhilfe, hat aber keinen Zugang dazu.<br \/>\nAuf den Philippinen tragen 22% der fehlsichtigen Bev\u00f6lkerung aus einem oder mehreren Gr\u00fcnden keine Brille: Sie haben keinen Zugang zu Augen\u00e4rzten oder Optikern oder sie wissen gar nicht, dass eine Brille Sehprobleme l\u00f6sen kann.<\/p>\n<p>Die von der Stiftung Essilor Vision und von der DELFINGEN Foundation geleitete Initiative zielt darauf ab, den Menschen auf den Philippinen augenmedizinische Versorgung zug\u00e4nglich zu machen und das Bewusstsein f\u00fcr die Bedeutung der Augenkontrolle zu sch\u00e4rfen.<\/p>\n<p>&nbsp;<\/p>\n<h3><strong>Ein gutes Sehverm\u00f6gen ist ein Grundbed\u00fcrfnis, sowohl beruflich als auch pers\u00f6nlich<br \/>\n<\/strong><\/h3>\n<p>\u201eEine Sehkorrektur hat einen erheblichen Einfluss auf die Produktivit\u00e4t einer Person am Arbeitsplatz. Studien zeigen, dass Mitarbeiter mit Sehbehinderungen bis zu 34% weniger produktiv sein k\u00f6nnen. Eine einfache Brille kann nicht nur die Produktivit\u00e4t, sondern auch die Lebensqualit\u00e4t verbessern. Deshalb setzt sich die Stiftung weiterhin f\u00fcr die Zusammenarbeit mit Partnern wie der DELFINGEN Foundation ein, um Fehlsichtigkeit auf den Philippinen und weltweit zu behandeln\u201c, sagte Aicha Mokdahi, Pr\u00e4sidentin der Stiftung Essilor Vision.<\/p>\n<p>\u201cDie Gesundheit unserer Mitarbeiter und ihrer Familien sowie die Bildung f\u00fcr Kinder und der Zugang zu menschenw\u00fcrdigen Wohnungen sind seit 10 Jahren die Ziele der DELFINGEN Foundation. Die Stiftung hat schon \u00e4hnliche Initiativen zum Thema Sehverm\u00f6gen f\u00fcr Schulkinder in verschiedenen L\u00e4ndern durchgef\u00fchrt.<\/p>\n<p>Mit der gro\u00dfartigen und sehr professionellen Unterst\u00fctzung der Stiftung Essilor Vision k\u00f6nnen wir diese Augenuntersuchungen nun auch auf unsere philippinischen Kollegen und deren Familien ausdehnen. Wir wirken auch am Projekt der Stiftung Essilor Vision mit, das darauf abzielt, die Lebensqualit\u00e4t zu verbessern, indem wir die Augengesundheit weltweit verbessern und gleichzeitig weiterhin auf unser Ziel hinarbeiten, Menschen durch den Zugang zu Gesundheitsversorgung, Bildung, menschenw\u00fcrdigen Wohnungen, und seit 2017 durch Behandlung von Behinderungen, zu mehr Selbstst\u00e4ndigkeit zu verhelfen&#8221;, erkl\u00e4rt Bernard Streit, Pr\u00e4sident der DELFINGEN Foundation.<\/p>\n<p>&nbsp;<\/p>\n<h3>Eine erfolgreiche Aktion<\/h3>\n<p>An diesen 2 Tagen wurden mehr als 600 Erwachsene und Kinder untersucht und fast 200 Personen mit einer Brille ausgestattet !<\/p>\n<p><img loading=\"lazy\" decoding=\"async\" class=\"alignnone size-full wp-image-1626\" src=\"https:\/\/delfingen.com\/medias\/delfingen-partenariat-entre-delfingen-et-essilor-vision-5.jpg\" alt=\"\" width=\"1024\" height=\"678\" \/> <img loading=\"lazy\" decoding=\"async\" class=\"alignnone size-large wp-image-1627\" src=\"https:\/\/delfingen.com\/medias\/delfingen-partenariat-entre-delfingen-et-essilor-vision-6.jpg\" alt=\"\" width=\"1024\" height=\"687\" \/> <img loading=\"lazy\" decoding=\"async\" class=\"alignnone size-large wp-image-1628\" src=\"https:\/\/delfingen.com\/medias\/delfingen-partenariat-entre-delfingen-et-essilor-vision-1.jpg\" alt=\"\" width=\"1024\" height=\"768\" \/> <img loading=\"lazy\" decoding=\"async\" class=\"alignnone size-large wp-image-1629\" src=\"https:\/\/delfingen.com\/medias\/delfingen-partenariat-entre-delfingen-et-essilor-vision-2.jpg\" alt=\"\" width=\"1024\" height=\"841\" \/> <img loading=\"lazy\" decoding=\"async\" class=\"alignnone size-large wp-image-1630\" src=\"https:\/\/delfingen.com\/medias\/delfingen-partenariat-entre-delfingen-et-essilor-vision-3.jpg\" alt=\"\" width=\"1024\" height=\"768\" \/> <img loading=\"lazy\" decoding=\"async\" class=\"alignnone size-large wp-image-1631\" src=\"https:\/\/delfingen.com\/medias\/delfingen-partenariat-entre-delfingen-et-essilor-vision-4.jpg\" alt=\"\" width=\"1024\" height=\"678\" \/><\/p>\n","protected":false},"excerpt":{"rendered":"<p>Die Stiftung Essilor Vision und die DELFINGEN Foundation schlie\u00dfen sich zusammen, um das Sehverm\u00f6gen der DELFINGEN-Mitarbeiter und ihrer Familien in Cebu auf den Philippinen zu verbessern. Die Stiftung Essilor Vision und die DELFINGEN Foundation haben sich zusammengeschlossen, um den DELFINGEN-Mitarbeitern und ihren Familien &#8211; insgesamt \u00fcber 600 Personen &#8211; Augenuntersuchungen anzubieten. Die Aktion fand an [&hellip;]<\/p>\n","protected":false},"author":2,"featured_media":3652,"comment_status":"open","ping_status":"open","sticky":false,"template":"","format":"standard","meta":{"_acf_changed":false,"footnotes":""},"categories":[1],"tags":[],"class_list":["post-3775","post","type-post","status-publish","format-standard","has-post-thumbnail","hentry","category-non-classifiee"],"acf":[],"yoast_head":"<!-- This site is optimized with the Yoast SEO plugin v27.2 - https:\/\/yoast.com\/product\/yoast-seo-wordpress\/ -->\n<title>Partnerschaft zwischen DELFINGEN Foundation &amp; ESSILOR VISION Foundation | DELFINGEN<\/title>\n<meta name=\"robots\" content=\"index, follow, max-snippet:-1, max-image-preview:large, max-video-preview:-1\" \/>\n<link rel=\"canonical\" href=\"https:\/\/delfingen.com\/de\/partnerschaft-zwischen-delfingen-foundation-essilor-vision-foundation\/\" \/>\n<meta property=\"og:locale\" content=\"de_DE\" \/>\n<meta property=\"og:type\" content=\"article\" \/>\n<meta property=\"og:title\" content=\"Partnerschaft zwischen DELFINGEN Foundation &amp; ESSILOR VISION Foundation | DELFINGEN\" \/>\n<meta property=\"og:description\" content=\"Die Stiftung Essilor Vision und die DELFINGEN Foundation schlie\u00dfen sich zusammen, um das Sehverm\u00f6gen der DELFINGEN-Mitarbeiter und ihrer Familien in Cebu auf den Philippinen zu verbessern. Die Stiftung Essilor Vision und die DELFINGEN Foundation haben sich zusammengeschlossen, um den DELFINGEN-Mitarbeitern und ihren Familien &#8211; insgesamt \u00fcber 600 Personen &#8211; Augenuntersuchungen anzubieten. Die Aktion fand an [&hellip;]\" \/>\n<meta property=\"og:url\" content=\"https:\/\/delfingen.com\/de\/partnerschaft-zwischen-delfingen-foundation-essilor-vision-foundation\/\" \/>\n<meta property=\"og:site_name\" content=\"DELFINGEN\" \/>\n<meta property=\"article:published_time\" content=\"2017-09-20T09:26:06+00:00\" \/>\n<meta property=\"article:modified_time\" content=\"2018-08-08T08:33:41+00:00\" \/>\n<meta property=\"og:image\" content=\"https:\/\/delfingen.com\/medias\/2017\/11\/partenariat-delfingen-essilor-vision.jpg\" \/>\n\t<meta property=\"og:image:width\" content=\"1920\" \/>\n\t<meta property=\"og:image:height\" content=\"1070\" \/>\n\t<meta property=\"og:image:type\" content=\"image\/jpeg\" \/>\n<meta name=\"author\" content=\"admin-novembre\" \/>\n<meta name=\"twitter:card\" content=\"summary_large_image\" \/>\n<meta name=\"twitter:label1\" content=\"Verfasst von\" \/>\n\t<meta name=\"twitter:data1\" content=\"admin-novembre\" \/>\n\t<meta name=\"twitter:label2\" content=\"Gesch\u00e4tzte Lesezeit\" \/>\n\t<meta name=\"twitter:data2\" content=\"2 minutes\" \/>\n<script type=\"application\/ld+json\" class=\"yoast-schema-graph\">{\"@context\":\"https:\/\/schema.org\",\"@graph\":[{\"@type\":\"Article\",\"@id\":\"https:\/\/delfingen.com\/de\/partnerschaft-zwischen-delfingen-foundation-essilor-vision-foundation\/#article\",\"isPartOf\":{\"@id\":\"https:\/\/delfingen.com\/de\/partnerschaft-zwischen-delfingen-foundation-essilor-vision-foundation\/\"},\"author\":{\"name\":\"admin-novembre\",\"@id\":\"https:\/\/delfingen.com\/en\/#\/schema\/person\/1de9807dfaafd6e880285518b0c7f01a\"},\"headline\":\"Partnerschaft zwischen DELFINGEN Foundation &#038; ESSILOR VISION Foundation\",\"datePublished\":\"2017-09-20T09:26:06+00:00\",\"dateModified\":\"2018-08-08T08:33:41+00:00\",\"mainEntityOfPage\":{\"@id\":\"https:\/\/delfingen.com\/de\/partnerschaft-zwischen-delfingen-foundation-essilor-vision-foundation\/\"},\"wordCount\":463,\"commentCount\":0,\"image\":{\"@id\":\"https:\/\/delfingen.com\/de\/partnerschaft-zwischen-delfingen-foundation-essilor-vision-foundation\/#primaryimage\"},\"thumbnailUrl\":\"https:\/\/delfingen.com\/medias\/2017\/11\/partenariat-delfingen-essilor-vision.jpg\",\"articleSection\":[\"Non classifi\u00e9(e)\"],\"inLanguage\":\"de-DE\",\"potentialAction\":[{\"@type\":\"CommentAction\",\"name\":\"Comment\",\"target\":[\"https:\/\/delfingen.com\/de\/partnerschaft-zwischen-delfingen-foundation-essilor-vision-foundation\/#respond\"]}]},{\"@type\":\"WebPage\",\"@id\":\"https:\/\/delfingen.com\/de\/partnerschaft-zwischen-delfingen-foundation-essilor-vision-foundation\/\",\"url\":\"https:\/\/delfingen.com\/de\/partnerschaft-zwischen-delfingen-foundation-essilor-vision-foundation\/\",\"name\":\"Partnerschaft zwischen DELFINGEN Foundation & ESSILOR VISION Foundation | DELFINGEN\",\"isPartOf\":{\"@id\":\"https:\/\/delfingen.com\/en\/#website\"},\"primaryImageOfPage\":{\"@id\":\"https:\/\/delfingen.com\/de\/partnerschaft-zwischen-delfingen-foundation-essilor-vision-foundation\/#primaryimage\"},\"image\":{\"@id\":\"https:\/\/delfingen.com\/de\/partnerschaft-zwischen-delfingen-foundation-essilor-vision-foundation\/#primaryimage\"},\"thumbnailUrl\":\"https:\/\/delfingen.com\/medias\/2017\/11\/partenariat-delfingen-essilor-vision.jpg\",\"datePublished\":\"2017-09-20T09:26:06+00:00\",\"dateModified\":\"2018-08-08T08:33:41+00:00\",\"author\":{\"@id\":\"https:\/\/delfingen.com\/en\/#\/schema\/person\/1de9807dfaafd6e880285518b0c7f01a\"},\"inLanguage\":\"de-DE\",\"potentialAction\":[{\"@type\":\"ReadAction\",\"target\":[\"https:\/\/delfingen.com\/de\/partnerschaft-zwischen-delfingen-foundation-essilor-vision-foundation\/\"]}]},{\"@type\":\"ImageObject\",\"inLanguage\":\"de-DE\",\"@id\":\"https:\/\/delfingen.com\/de\/partnerschaft-zwischen-delfingen-foundation-essilor-vision-foundation\/#primaryimage\",\"url\":\"https:\/\/delfingen.com\/medias\/2017\/11\/partenariat-delfingen-essilor-vision.jpg\",\"contentUrl\":\"https:\/\/delfingen.com\/medias\/2017\/11\/partenariat-delfingen-essilor-vision.jpg\",\"width\":1920,\"height\":1070},{\"@type\":\"WebSite\",\"@id\":\"https:\/\/delfingen.com\/en\/#website\",\"url\":\"https:\/\/delfingen.com\/en\/\",\"name\":\"DELFINGEN\",\"description\":\"\u00c9quipementier automobile mondial\",\"potentialAction\":[{\"@type\":\"SearchAction\",\"target\":{\"@type\":\"EntryPoint\",\"urlTemplate\":\"https:\/\/delfingen.com\/en\/?s={search_term_string}\"},\"query-input\":{\"@type\":\"PropertyValueSpecification\",\"valueRequired\":true,\"valueName\":\"search_term_string\"}}],\"inLanguage\":\"de-DE\"},{\"@type\":\"Person\",\"@id\":\"https:\/\/delfingen.com\/en\/#\/schema\/person\/1de9807dfaafd6e880285518b0c7f01a\",\"name\":\"admin-novembre\"}]}<\/script>\n<!-- \/ Yoast SEO plugin. -->","yoast_head_json":{"title":"Partnerschaft zwischen DELFINGEN Foundation & ESSILOR VISION Foundation | DELFINGEN","robots":{"index":"index","follow":"follow","max-snippet":"max-snippet:-1","max-image-preview":"max-image-preview:large","max-video-preview":"max-video-preview:-1"},"canonical":"https:\/\/delfingen.com\/de\/partnerschaft-zwischen-delfingen-foundation-essilor-vision-foundation\/","og_locale":"de_DE","og_type":"article","og_title":"Partnerschaft zwischen DELFINGEN Foundation & ESSILOR VISION Foundation | DELFINGEN","og_description":"Die Stiftung Essilor Vision und die DELFINGEN Foundation schlie\u00dfen sich zusammen, um das Sehverm\u00f6gen der DELFINGEN-Mitarbeiter und ihrer Familien in Cebu auf den Philippinen zu verbessern. Die Stiftung Essilor Vision und die DELFINGEN Foundation haben sich zusammengeschlossen, um den DELFINGEN-Mitarbeitern und ihren Familien &#8211; insgesamt \u00fcber 600 Personen &#8211; Augenuntersuchungen anzubieten. Die Aktion fand an [&hellip;]","og_url":"https:\/\/delfingen.com\/de\/partnerschaft-zwischen-delfingen-foundation-essilor-vision-foundation\/","og_site_name":"DELFINGEN","article_published_time":"2017-09-20T09:26:06+00:00","article_modified_time":"2018-08-08T08:33:41+00:00","og_image":[{"width":1920,"height":1070,"url":"https:\/\/delfingen.com\/medias\/2017\/11\/partenariat-delfingen-essilor-vision.jpg","type":"image\/jpeg"}],"author":"admin-novembre","twitter_card":"summary_large_image","twitter_misc":{"Verfasst von":"admin-novembre","Gesch\u00e4tzte Lesezeit":"2 minutes"},"schema":{"@context":"https:\/\/schema.org","@graph":[{"@type":"Article","@id":"https:\/\/delfingen.com\/de\/partnerschaft-zwischen-delfingen-foundation-essilor-vision-foundation\/#article","isPartOf":{"@id":"https:\/\/delfingen.com\/de\/partnerschaft-zwischen-delfingen-foundation-essilor-vision-foundation\/"},"author":{"name":"admin-novembre","@id":"https:\/\/delfingen.com\/en\/#\/schema\/person\/1de9807dfaafd6e880285518b0c7f01a"},"headline":"Partnerschaft zwischen DELFINGEN Foundation &#038; ESSILOR VISION Foundation","datePublished":"2017-09-20T09:26:06+00:00","dateModified":"2018-08-08T08:33:41+00:00","mainEntityOfPage":{"@id":"https:\/\/delfingen.com\/de\/partnerschaft-zwischen-delfingen-foundation-essilor-vision-foundation\/"},"wordCount":463,"commentCount":0,"image":{"@id":"https:\/\/delfingen.com\/de\/partnerschaft-zwischen-delfingen-foundation-essilor-vision-foundation\/#primaryimage"},"thumbnailUrl":"https:\/\/delfingen.com\/medias\/2017\/11\/partenariat-delfingen-essilor-vision.jpg","articleSection":["Non classifi\u00e9(e)"],"inLanguage":"de-DE","potentialAction":[{"@type":"CommentAction","name":"Comment","target":["https:\/\/delfingen.com\/de\/partnerschaft-zwischen-delfingen-foundation-essilor-vision-foundation\/#respond"]}]},{"@type":"WebPage","@id":"https:\/\/delfingen.com\/de\/partnerschaft-zwischen-delfingen-foundation-essilor-vision-foundation\/","url":"https:\/\/delfingen.com\/de\/partnerschaft-zwischen-delfingen-foundation-essilor-vision-foundation\/","name":"Partnerschaft zwischen DELFINGEN Foundation & ESSILOR VISION Foundation | DELFINGEN","isPartOf":{"@id":"https:\/\/delfingen.com\/en\/#website"},"primaryImageOfPage":{"@id":"https:\/\/delfingen.com\/de\/partnerschaft-zwischen-delfingen-foundation-essilor-vision-foundation\/#primaryimage"},"image":{"@id":"https:\/\/delfingen.com\/de\/partnerschaft-zwischen-delfingen-foundation-essilor-vision-foundation\/#primaryimage"},"thumbnailUrl":"https:\/\/delfingen.com\/medias\/2017\/11\/partenariat-delfingen-essilor-vision.jpg","datePublished":"2017-09-20T09:26:06+00:00","dateModified":"2018-08-08T08:33:41+00:00","author":{"@id":"https:\/\/delfingen.com\/en\/#\/schema\/person\/1de9807dfaafd6e880285518b0c7f01a"},"inLanguage":"de-DE","potentialAction":[{"@type":"ReadAction","target":["https:\/\/delfingen.com\/de\/partnerschaft-zwischen-delfingen-foundation-essilor-vision-foundation\/"]}]},{"@type":"ImageObject","inLanguage":"de-DE","@id":"https:\/\/delfingen.com\/de\/partnerschaft-zwischen-delfingen-foundation-essilor-vision-foundation\/#primaryimage","url":"https:\/\/delfingen.com\/medias\/2017\/11\/partenariat-delfingen-essilor-vision.jpg","contentUrl":"https:\/\/delfingen.com\/medias\/2017\/11\/partenariat-delfingen-essilor-vision.jpg","width":1920,"height":1070},{"@type":"WebSite","@id":"https:\/\/delfingen.com\/en\/#website","url":"https:\/\/delfingen.com\/en\/","name":"DELFINGEN","description":"\u00c9quipementier automobile mondial","potentialAction":[{"@type":"SearchAction","target":{"@type":"EntryPoint","urlTemplate":"https:\/\/delfingen.com\/en\/?s={search_term_string}"},"query-input":{"@type":"PropertyValueSpecification","valueRequired":true,"valueName":"search_term_string"}}],"inLanguage":"de-DE"},{"@type":"Person","@id":"https:\/\/delfingen.com\/en\/#\/schema\/person\/1de9807dfaafd6e880285518b0c7f01a","name":"admin-novembre"}]}},"_links":{"self":[{"href":"https:\/\/delfingen.com\/de\/wp-json\/wp\/v2\/posts\/3775","targetHints":{"allow":["GET"]}}],"collection":[{"href":"https:\/\/delfingen.com\/de\/wp-json\/wp\/v2\/posts"}],"about":[{"href":"https:\/\/delfingen.com\/de\/wp-json\/wp\/v2\/types\/post"}],"author":[{"embeddable":true,"href":"https:\/\/delfingen.com\/de\/wp-json\/wp\/v2\/users\/2"}],"replies":[{"embeddable":true,"href":"https:\/\/delfingen.com\/de\/wp-json\/wp\/v2\/comments?post=3775"}],"version-history":[{"count":4,"href":"https:\/\/delfingen.com\/de\/wp-json\/wp\/v2\/posts\/3775\/revisions"}],"predecessor-version":[{"id":8325,"href":"https:\/\/delfingen.com\/de\/wp-json\/wp\/v2\/posts\/3775\/revisions\/8325"}],"wp:featuredmedia":[{"embeddable":true,"href":"https:\/\/delfingen.com\/de\/wp-json\/wp\/v2\/media\/3652"}],"wp:attachment":[{"href":"https:\/\/delfingen.com\/de\/wp-json\/wp\/v2\/media?parent=3775"}],"wp:term":[{"taxonomy":"category","embeddable":true,"href":"https:\/\/delfingen.com\/de\/wp-json\/wp\/v2\/categories?post=3775"},{"taxonomy":"post_tag","embeddable":true,"href":"https:\/\/delfingen.com\/de\/wp-json\/wp\/v2\/tags?post=3775"}],"curies":[{"name":"wp","href":"https:\/\/api.w.org\/{rel}","templated":true}]}}