{"id":3991,"date":"2017-06-26T11:19:37","date_gmt":"2017-06-26T09:19:37","guid":{"rendered":"https:\/\/delfingen.com\/la-fondation-delfingen-celebre-son-10eme-anniversaire\/"},"modified":"2017-11-29T18:18:58","modified_gmt":"2017-11-29T17:18:58","slug":"die-delfingen-foundation-feiert-ihr-10-jaehriges-jubilaeum","status":"publish","type":"post","link":"https:\/\/delfingen.com\/de\/die-delfingen-foundation-feiert-ihr-10-jaehriges-jubilaeum\/","title":{"rendered":"Die DELFINGEN Foundation feiert  ihr 10-j\u00e4hriges Jubil\u00e4um!"},"content":{"rendered":"<p>Im Rahmen des 10-j\u00e4hrigen Jubil\u00e4ums in 2017 erweiterte die DELFINGEN Foundation ihr Aufgabengebiet um eine vierte S\u00e4ule &#8211; Behinderung.<\/p>\n<p>Bei dieser Gelegenheit war es wichtig, einen Blick zur\u00fcck auf die Geschichte des Unternehmens und seine Anf\u00e4nge zu werfen, denn als Emile Streit das Unternehmen 1954 gr\u00fcndete, ging es darum, seiner Schwester Jeannette, die wegen Kinderl\u00e4hmung behindert war, einen Arbeitsplatz zu bieten. Um dieses neue Kapitel in der Geschichte der Stiftung zu beginnen und gleichzeitig die vergangenen Generationen zu ehren, wurde im Juni in der Zentrale in Anteuil ein dreit\u00e4giges Kolloquium zum Thema Behinderung organisiert. Es versammelte 90 freiwillige Mitarbeiter aus allen DELFINGEN-Standorten der Welt. F\u00fcr diese drei ereignisreichen Tage wurden Konferenzen, Arbeitsgemeinschaften, situative \u00dcbungen und Workshops zur Sensibilisierung gegen\u00fcber Behinderungen organisiert. Auf dieser Multikulturalit\u00e4t aufbauend sollte das Kolloquium zun\u00e4chst einmal zu einer gemeinsamen Reflexion anregen, um unsere Definition von Behinderung zu finden. Auf dieser klaren und soliden Grundlage kamen die Teilnehmer dann zur Sache und besprachen &#8211; anonymisiert &#8211; konkrete F\u00e4lle, die sie an den DELFINGEN-Standorten angetroffen hatten. Sie boten L\u00f6sungen (technische, menschliche usw.) an, um den Alltag der Mitarbeiter, ihrer Ehepartner und k\u00f6rperlich oder geistig behinderter Kinder zu verbessern.<\/p>\n<p>Im Einklang mit den schon laufenden Aktionen der Stiftung erm\u00f6glicht die Ber\u00fccksichtigung von Behinderungen eine gr\u00f6\u00dfere Autonomie f\u00fcr die Menschen.<\/p>\n<p><img loading=\"lazy\" decoding=\"async\" class=\"alignnone size-large wp-image-1614\" src=\"https:\/\/delfingen.com\/medias\/delfingen-colloque-fondation-colloque_bs-1400x933.jpg\" alt=\"\" width=\"1400\" height=\"933\" \/><\/p>\n<p><img loading=\"lazy\" decoding=\"async\" class=\"alignnone size-large wp-image-1613\" src=\"https:\/\/delfingen.com\/medias\/delfingen-colloque-fondation-basket_fauteuil-1400x933.jpg\" alt=\"\" width=\"1400\" height=\"933\" \/><\/p>\n<p><img loading=\"lazy\" decoding=\"async\" class=\"alignnone size-large wp-image-1619\" src=\"https:\/\/delfingen.com\/medias\/delfingen-colloque-fondation-workshop_4-1400x933.jpg\" alt=\"\" width=\"1400\" height=\"933\" \/><\/p>\n<p><img loading=\"lazy\" decoding=\"async\" class=\"alignnone size-large wp-image-1618\" src=\"https:\/\/delfingen.com\/medias\/delfingen-colloque-fondation-ping_pong_2-1400x933.jpg\" alt=\"\" width=\"1400\" height=\"933\" \/><\/p>\n<p><img loading=\"lazy\" decoding=\"async\" class=\"alignnone size-large wp-image-1616\" src=\"https:\/\/delfingen.com\/medias\/delfingen-colloque-fondation-guy-1400x933.jpg\" alt=\"\" width=\"1400\" height=\"933\" \/><\/p>\n<p><img loading=\"lazy\" decoding=\"async\" class=\"alignnone size-large wp-image-1615\" src=\"https:\/\/delfingen.com\/medias\/delfingen-colloque-fondation-colloque_tables_2-1400x933.jpg\" alt=\"\" width=\"1400\" height=\"933\" \/><\/p>\n<p><img loading=\"lazy\" decoding=\"async\" class=\"alignnone size-large wp-image-1617\" src=\"https:\/\/delfingen.com\/medias\/delfingen-colloque-fondation-parcours-933x1400.jpg\" alt=\"\" width=\"933\" height=\"1400\" \/><\/p>\n","protected":false},"excerpt":{"rendered":"<p>Im Rahmen des 10-j\u00e4hrigen Jubil\u00e4ums in 2017 erweiterte die DELFINGEN Foundation ihr Aufgabengebiet um eine vierte S\u00e4ule &#8211; Behinderung. Bei dieser Gelegenheit war es wichtig, einen Blick zur\u00fcck auf die Geschichte des Unternehmens und seine Anf\u00e4nge zu werfen, denn als Emile Streit das Unternehmen 1954 gr\u00fcndete, ging es darum, seiner Schwester Jeannette, die wegen Kinderl\u00e4hmung [&hellip;]<\/p>\n","protected":false},"author":2,"featured_media":3943,"comment_status":"open","ping_status":"open","sticky":false,"template":"","format":"standard","meta":{"_acf_changed":false,"footnotes":""},"categories":[1],"tags":[],"class_list":["post-3991","post","type-post","status-publish","format-standard","has-post-thumbnail","hentry","category-non-classifiee"],"acf":[],"yoast_head":"<!-- This site is optimized with the Yoast SEO plugin v27.2 - https:\/\/yoast.com\/product\/yoast-seo-wordpress\/ -->\n<title>Die DELFINGEN Foundation feiert ihr 10-j\u00e4hriges Jubil\u00e4um! | DELFINGEN<\/title>\n<meta name=\"robots\" content=\"index, follow, max-snippet:-1, max-image-preview:large, max-video-preview:-1\" \/>\n<link rel=\"canonical\" href=\"https:\/\/delfingen.com\/de\/die-delfingen-foundation-feiert-ihr-10-jaehriges-jubilaeum\/\" \/>\n<meta property=\"og:locale\" content=\"de_DE\" \/>\n<meta property=\"og:type\" content=\"article\" \/>\n<meta property=\"og:title\" content=\"Die DELFINGEN Foundation feiert ihr 10-j\u00e4hriges Jubil\u00e4um! | DELFINGEN\" \/>\n<meta property=\"og:description\" content=\"Im Rahmen des 10-j\u00e4hrigen Jubil\u00e4ums in 2017 erweiterte die DELFINGEN Foundation ihr Aufgabengebiet um eine vierte S\u00e4ule &#8211; Behinderung. Bei dieser Gelegenheit war es wichtig, einen Blick zur\u00fcck auf die Geschichte des Unternehmens und seine Anf\u00e4nge zu werfen, denn als Emile Streit das Unternehmen 1954 gr\u00fcndete, ging es darum, seiner Schwester Jeannette, die wegen Kinderl\u00e4hmung [&hellip;]\" \/>\n<meta property=\"og:url\" content=\"https:\/\/delfingen.com\/de\/die-delfingen-foundation-feiert-ihr-10-jaehriges-jubilaeum\/\" \/>\n<meta property=\"og:site_name\" content=\"DELFINGEN\" \/>\n<meta property=\"article:published_time\" content=\"2017-06-26T09:19:37+00:00\" \/>\n<meta property=\"article:modified_time\" content=\"2017-11-29T17:18:58+00:00\" \/>\n<meta property=\"og:image\" content=\"https:\/\/delfingen.com\/medias\/2017\/06\/delfingen-colloque-fondation-colloque_bs.jpg\" \/>\n\t<meta property=\"og:image:width\" content=\"1600\" \/>\n\t<meta property=\"og:image:height\" content=\"1066\" \/>\n\t<meta property=\"og:image:type\" content=\"image\/jpeg\" \/>\n<meta name=\"author\" content=\"admin-novembre\" \/>\n<meta name=\"twitter:card\" content=\"summary_large_image\" \/>\n<meta name=\"twitter:label1\" content=\"Verfasst von\" \/>\n\t<meta name=\"twitter:data1\" content=\"admin-novembre\" \/>\n\t<meta name=\"twitter:label2\" content=\"Gesch\u00e4tzte Lesezeit\" \/>\n\t<meta name=\"twitter:data2\" content=\"1 minute\" \/>\n<script type=\"application\/ld+json\" class=\"yoast-schema-graph\">{\"@context\":\"https:\/\/schema.org\",\"@graph\":[{\"@type\":\"Article\",\"@id\":\"https:\/\/delfingen.com\/de\/die-delfingen-foundation-feiert-ihr-10-jaehriges-jubilaeum\/#article\",\"isPartOf\":{\"@id\":\"https:\/\/delfingen.com\/de\/die-delfingen-foundation-feiert-ihr-10-jaehriges-jubilaeum\/\"},\"author\":{\"name\":\"admin-novembre\",\"@id\":\"https:\/\/delfingen.com\/en\/#\/schema\/person\/1de9807dfaafd6e880285518b0c7f01a\"},\"headline\":\"Die DELFINGEN Foundation feiert ihr 10-j\u00e4hriges Jubil\u00e4um!\",\"datePublished\":\"2017-06-26T09:19:37+00:00\",\"dateModified\":\"2017-11-29T17:18:58+00:00\",\"mainEntityOfPage\":{\"@id\":\"https:\/\/delfingen.com\/de\/die-delfingen-foundation-feiert-ihr-10-jaehriges-jubilaeum\/\"},\"wordCount\":235,\"commentCount\":0,\"image\":{\"@id\":\"https:\/\/delfingen.com\/de\/die-delfingen-foundation-feiert-ihr-10-jaehriges-jubilaeum\/#primaryimage\"},\"thumbnailUrl\":\"https:\/\/delfingen.com\/medias\/2017\/06\/delfingen-colloque-fondation-colloque_bs.jpg\",\"articleSection\":[\"Non classifi\u00e9(e)\"],\"inLanguage\":\"de-DE\",\"potentialAction\":[{\"@type\":\"CommentAction\",\"name\":\"Comment\",\"target\":[\"https:\/\/delfingen.com\/de\/die-delfingen-foundation-feiert-ihr-10-jaehriges-jubilaeum\/#respond\"]}]},{\"@type\":\"WebPage\",\"@id\":\"https:\/\/delfingen.com\/de\/die-delfingen-foundation-feiert-ihr-10-jaehriges-jubilaeum\/\",\"url\":\"https:\/\/delfingen.com\/de\/die-delfingen-foundation-feiert-ihr-10-jaehriges-jubilaeum\/\",\"name\":\"Die DELFINGEN Foundation feiert ihr 10-j\u00e4hriges Jubil\u00e4um! | DELFINGEN\",\"isPartOf\":{\"@id\":\"https:\/\/delfingen.com\/en\/#website\"},\"primaryImageOfPage\":{\"@id\":\"https:\/\/delfingen.com\/de\/die-delfingen-foundation-feiert-ihr-10-jaehriges-jubilaeum\/#primaryimage\"},\"image\":{\"@id\":\"https:\/\/delfingen.com\/de\/die-delfingen-foundation-feiert-ihr-10-jaehriges-jubilaeum\/#primaryimage\"},\"thumbnailUrl\":\"https:\/\/delfingen.com\/medias\/2017\/06\/delfingen-colloque-fondation-colloque_bs.jpg\",\"datePublished\":\"2017-06-26T09:19:37+00:00\",\"dateModified\":\"2017-11-29T17:18:58+00:00\",\"author\":{\"@id\":\"https:\/\/delfingen.com\/en\/#\/schema\/person\/1de9807dfaafd6e880285518b0c7f01a\"},\"inLanguage\":\"de-DE\",\"potentialAction\":[{\"@type\":\"ReadAction\",\"target\":[\"https:\/\/delfingen.com\/de\/die-delfingen-foundation-feiert-ihr-10-jaehriges-jubilaeum\/\"]}]},{\"@type\":\"ImageObject\",\"inLanguage\":\"de-DE\",\"@id\":\"https:\/\/delfingen.com\/de\/die-delfingen-foundation-feiert-ihr-10-jaehriges-jubilaeum\/#primaryimage\",\"url\":\"https:\/\/delfingen.com\/medias\/2017\/06\/delfingen-colloque-fondation-colloque_bs.jpg\",\"contentUrl\":\"https:\/\/delfingen.com\/medias\/2017\/06\/delfingen-colloque-fondation-colloque_bs.jpg\",\"width\":1600,\"height\":1066},{\"@type\":\"WebSite\",\"@id\":\"https:\/\/delfingen.com\/en\/#website\",\"url\":\"https:\/\/delfingen.com\/en\/\",\"name\":\"DELFINGEN\",\"description\":\"\u00c9quipementier automobile mondial\",\"potentialAction\":[{\"@type\":\"SearchAction\",\"target\":{\"@type\":\"EntryPoint\",\"urlTemplate\":\"https:\/\/delfingen.com\/en\/?s={search_term_string}\"},\"query-input\":{\"@type\":\"PropertyValueSpecification\",\"valueRequired\":true,\"valueName\":\"search_term_string\"}}],\"inLanguage\":\"de-DE\"},{\"@type\":\"Person\",\"@id\":\"https:\/\/delfingen.com\/en\/#\/schema\/person\/1de9807dfaafd6e880285518b0c7f01a\",\"name\":\"admin-novembre\"}]}<\/script>\n<!-- \/ Yoast SEO plugin. -->","yoast_head_json":{"title":"Die DELFINGEN Foundation feiert ihr 10-j\u00e4hriges Jubil\u00e4um! | DELFINGEN","robots":{"index":"index","follow":"follow","max-snippet":"max-snippet:-1","max-image-preview":"max-image-preview:large","max-video-preview":"max-video-preview:-1"},"canonical":"https:\/\/delfingen.com\/de\/die-delfingen-foundation-feiert-ihr-10-jaehriges-jubilaeum\/","og_locale":"de_DE","og_type":"article","og_title":"Die DELFINGEN Foundation feiert ihr 10-j\u00e4hriges Jubil\u00e4um! | DELFINGEN","og_description":"Im Rahmen des 10-j\u00e4hrigen Jubil\u00e4ums in 2017 erweiterte die DELFINGEN Foundation ihr Aufgabengebiet um eine vierte S\u00e4ule &#8211; Behinderung. Bei dieser Gelegenheit war es wichtig, einen Blick zur\u00fcck auf die Geschichte des Unternehmens und seine Anf\u00e4nge zu werfen, denn als Emile Streit das Unternehmen 1954 gr\u00fcndete, ging es darum, seiner Schwester Jeannette, die wegen Kinderl\u00e4hmung [&hellip;]","og_url":"https:\/\/delfingen.com\/de\/die-delfingen-foundation-feiert-ihr-10-jaehriges-jubilaeum\/","og_site_name":"DELFINGEN","article_published_time":"2017-06-26T09:19:37+00:00","article_modified_time":"2017-11-29T17:18:58+00:00","og_image":[{"width":1600,"height":1066,"url":"https:\/\/delfingen.com\/medias\/2017\/06\/delfingen-colloque-fondation-colloque_bs.jpg","type":"image\/jpeg"}],"author":"admin-novembre","twitter_card":"summary_large_image","twitter_misc":{"Verfasst von":"admin-novembre","Gesch\u00e4tzte Lesezeit":"1 minute"},"schema":{"@context":"https:\/\/schema.org","@graph":[{"@type":"Article","@id":"https:\/\/delfingen.com\/de\/die-delfingen-foundation-feiert-ihr-10-jaehriges-jubilaeum\/#article","isPartOf":{"@id":"https:\/\/delfingen.com\/de\/die-delfingen-foundation-feiert-ihr-10-jaehriges-jubilaeum\/"},"author":{"name":"admin-novembre","@id":"https:\/\/delfingen.com\/en\/#\/schema\/person\/1de9807dfaafd6e880285518b0c7f01a"},"headline":"Die DELFINGEN Foundation feiert ihr 10-j\u00e4hriges Jubil\u00e4um!","datePublished":"2017-06-26T09:19:37+00:00","dateModified":"2017-11-29T17:18:58+00:00","mainEntityOfPage":{"@id":"https:\/\/delfingen.com\/de\/die-delfingen-foundation-feiert-ihr-10-jaehriges-jubilaeum\/"},"wordCount":235,"commentCount":0,"image":{"@id":"https:\/\/delfingen.com\/de\/die-delfingen-foundation-feiert-ihr-10-jaehriges-jubilaeum\/#primaryimage"},"thumbnailUrl":"https:\/\/delfingen.com\/medias\/2017\/06\/delfingen-colloque-fondation-colloque_bs.jpg","articleSection":["Non classifi\u00e9(e)"],"inLanguage":"de-DE","potentialAction":[{"@type":"CommentAction","name":"Comment","target":["https:\/\/delfingen.com\/de\/die-delfingen-foundation-feiert-ihr-10-jaehriges-jubilaeum\/#respond"]}]},{"@type":"WebPage","@id":"https:\/\/delfingen.com\/de\/die-delfingen-foundation-feiert-ihr-10-jaehriges-jubilaeum\/","url":"https:\/\/delfingen.com\/de\/die-delfingen-foundation-feiert-ihr-10-jaehriges-jubilaeum\/","name":"Die DELFINGEN Foundation feiert ihr 10-j\u00e4hriges Jubil\u00e4um! | DELFINGEN","isPartOf":{"@id":"https:\/\/delfingen.com\/en\/#website"},"primaryImageOfPage":{"@id":"https:\/\/delfingen.com\/de\/die-delfingen-foundation-feiert-ihr-10-jaehriges-jubilaeum\/#primaryimage"},"image":{"@id":"https:\/\/delfingen.com\/de\/die-delfingen-foundation-feiert-ihr-10-jaehriges-jubilaeum\/#primaryimage"},"thumbnailUrl":"https:\/\/delfingen.com\/medias\/2017\/06\/delfingen-colloque-fondation-colloque_bs.jpg","datePublished":"2017-06-26T09:19:37+00:00","dateModified":"2017-11-29T17:18:58+00:00","author":{"@id":"https:\/\/delfingen.com\/en\/#\/schema\/person\/1de9807dfaafd6e880285518b0c7f01a"},"inLanguage":"de-DE","potentialAction":[{"@type":"ReadAction","target":["https:\/\/delfingen.com\/de\/die-delfingen-foundation-feiert-ihr-10-jaehriges-jubilaeum\/"]}]},{"@type":"ImageObject","inLanguage":"de-DE","@id":"https:\/\/delfingen.com\/de\/die-delfingen-foundation-feiert-ihr-10-jaehriges-jubilaeum\/#primaryimage","url":"https:\/\/delfingen.com\/medias\/2017\/06\/delfingen-colloque-fondation-colloque_bs.jpg","contentUrl":"https:\/\/delfingen.com\/medias\/2017\/06\/delfingen-colloque-fondation-colloque_bs.jpg","width":1600,"height":1066},{"@type":"WebSite","@id":"https:\/\/delfingen.com\/en\/#website","url":"https:\/\/delfingen.com\/en\/","name":"DELFINGEN","description":"\u00c9quipementier automobile mondial","potentialAction":[{"@type":"SearchAction","target":{"@type":"EntryPoint","urlTemplate":"https:\/\/delfingen.com\/en\/?s={search_term_string}"},"query-input":{"@type":"PropertyValueSpecification","valueRequired":true,"valueName":"search_term_string"}}],"inLanguage":"de-DE"},{"@type":"Person","@id":"https:\/\/delfingen.com\/en\/#\/schema\/person\/1de9807dfaafd6e880285518b0c7f01a","name":"admin-novembre"}]}},"_links":{"self":[{"href":"https:\/\/delfingen.com\/de\/wp-json\/wp\/v2\/posts\/3991","targetHints":{"allow":["GET"]}}],"collection":[{"href":"https:\/\/delfingen.com\/de\/wp-json\/wp\/v2\/posts"}],"about":[{"href":"https:\/\/delfingen.com\/de\/wp-json\/wp\/v2\/types\/post"}],"author":[{"embeddable":true,"href":"https:\/\/delfingen.com\/de\/wp-json\/wp\/v2\/users\/2"}],"replies":[{"embeddable":true,"href":"https:\/\/delfingen.com\/de\/wp-json\/wp\/v2\/comments?post=3991"}],"version-history":[{"count":4,"href":"https:\/\/delfingen.com\/de\/wp-json\/wp\/v2\/posts\/3991\/revisions"}],"predecessor-version":[{"id":5050,"href":"https:\/\/delfingen.com\/de\/wp-json\/wp\/v2\/posts\/3991\/revisions\/5050"}],"wp:featuredmedia":[{"embeddable":true,"href":"https:\/\/delfingen.com\/de\/wp-json\/wp\/v2\/media\/3943"}],"wp:attachment":[{"href":"https:\/\/delfingen.com\/de\/wp-json\/wp\/v2\/media?parent=3991"}],"wp:term":[{"taxonomy":"category","embeddable":true,"href":"https:\/\/delfingen.com\/de\/wp-json\/wp\/v2\/categories?post=3991"},{"taxonomy":"post_tag","embeddable":true,"href":"https:\/\/delfingen.com\/de\/wp-json\/wp\/v2\/tags?post=3991"}],"curies":[{"name":"wp","href":"https:\/\/api.w.org\/{rel}","templated":true}]}}