{"id":5737,"date":"2018-02-15T13:32:36","date_gmt":"2018-02-15T12:32:36","guid":{"rendered":"https:\/\/delfingen.com\/?p=5737"},"modified":"2018-02-15T15:32:39","modified_gmt":"2018-02-15T14:32:39","slug":"zweite-kooperation-zwischen-delfingen-foundation-und-essilor-vision-foundation","status":"publish","type":"post","link":"https:\/\/delfingen.com\/de\/zweite-kooperation-zwischen-delfingen-foundation-und-essilor-vision-foundation\/","title":{"rendered":"Zweite Kooperation zwischen DELFINGEN Foundation und ESSILOR VISION Foundation"},"content":{"rendered":"<h2>Die <span style=\"color: #008080;\"><a style=\"color: #008080;\" href=\"https:\/\/www.essilorvisionfoundation.org\/\" target=\"_blank\" rel=\"noopener\">Essilor Vision Foundation<\/a><\/span> und die<span style=\"color: #008080;\"> <a style=\"color: #008080;\" href=\"https:\/\/delfingen.com\/fondation-delfingen\/\" target=\"_blank\" rel=\"noopener\">DELFINGEN Foundation<\/a><\/span> schlossen sich zum zweiten Mal zusammen, um eine Augenuntersuchung f\u00fcr die DELFINGEN-Mitarbeiter und ihre Familien durchzuf\u00fchren. Die Initiative fand in Cavite (Philippinen) statt.<\/h2>\n<h3>Ein ganzer Tag im Zeichen des Sehtest<\/h3>\n<p>\u00dcber 300 Menschen, Mitarbeiter und Familienmitglieder, wurden von 7.30 &#8211; 17.00 Uhr untersucht. Nach dem Ausf\u00fcllen eines Informationsbogens, wurden ihnen DELFINGEN Foundation-Shirts \u00fcberreicht und man begann mit der Untersuchung der Sehst\u00e4rke auf Weit- und Kurzsichtigkeit.<br \/>\nF\u00fcr weitere Analysen wurde desweiteren ein Refraktometer bei der Untersuchung eingesetzt. Unter Aufsicht eines Optikers wurden Brillen an die bed\u00fcrftigen Personen ausgeteilt.<br \/>\nSie konnten sich den Rahmen aussuchen und kurz danach wurden die Gl\u00e4ser eingesetzt. Somit konnten sie diese noch am selben Tag erhalten.<br \/>\nSchlie\u00dflich erhielten die Kinder noch ein Spielzeug, von den Familien wurde vor einer Fotowand ein Bild gemacht und in der Cafeteria wurde ein Essen angeboten.<\/p>\n<h3>Offizieller Besuch und Pr\u00e4sentationen<\/h3>\n<p>Zur gleichen Zeit wurde ein Empfang f\u00fcr die 60 geladenen G\u00e4ste abgehalten. Nach der Begr\u00fc\u00dfung durch Philip Torres, Gesch\u00e4ftsf\u00fchrer DELFINGEN Philippinen, stellte der Pr\u00e4sident der DELFINGEN Foundation Bernard Streit, die Ma\u00dfnahmen der Foundation vor. Danach pr\u00e4sentierte Damien Personeni, stellvertretender Gesch\u00e4ftsf\u00fchrer DELFINGEN, das Unternehmen. Zur Vervollst\u00e4ndigung der Pr\u00e4sentationen stellte Patrick Martinet, Gesch\u00e4fstf\u00fchrer Essilor, das Unternehmen und die Aktionen der Essilor Vision Foundation vor.<br \/>\nWir hatten die Ehre, Nicolas Galey, der franz\u00f6sische Botschafter auf den Philipinen, zu begr\u00fc\u00dfen und ihm die \u00d6rtlichkeiten f\u00fcr die Untersuchungen bis hin zu den Produktionsst\u00e4tten zu zeigen.<\/p>\n<h3>Eine erfolgreiche zweite Ausgabe<\/h3>\n<p>Es war ein erfolgreicher Tag: rund 200 Menschen erhielten Brillen, einige erhielten sie mit kurzer Verz\u00f6gerung.<br \/>\nWir m\u00f6chten uns bei den Ehrenamtlichen von Essilor und DELFINGEN f\u00fcr den Erfolg der Veranstaltung bedanken.<\/p>\n<p><center><iframe loading=\"lazy\" src=\"https:\/\/www.youtube.com\/embed\/bWe-scwmSrY\" width=\"560\" height=\"315\" frameborder=\"0\" allowfullscreen=\"allowfullscreen\"><\/iframe><\/center><br \/>\n<img loading=\"lazy\" decoding=\"async\" class=\"alignnone wp-image-5709\" src=\"https:\/\/delfingen.com\/medias\/dsc_4675-min-512x341.jpg\" alt=\"\" width=\"470\" height=\"313\" srcset=\"https:\/\/delfingen.com\/medias\/dsc_4675-min-512x341.jpg 512w, https:\/\/delfingen.com\/medias\/dsc_4675-min-768x512.jpg 768w, https:\/\/delfingen.com\/medias\/dsc_4675-min-1400x933.jpg 1400w\" sizes=\"auto, (max-width: 470px) 100vw, 470px\" \/>\u00a0\u00a0<img loading=\"lazy\" decoding=\"async\" class=\"alignnone wp-image-5712 \" src=\"https:\/\/delfingen.com\/medias\/dsc_4714-min-512x341.jpg\" alt=\"\" width=\"470\" height=\"313\" srcset=\"https:\/\/delfingen.com\/medias\/dsc_4714-min-512x341.jpg 512w, https:\/\/delfingen.com\/medias\/dsc_4714-min-768x512.jpg 768w, https:\/\/delfingen.com\/medias\/dsc_4714-min-1400x933.jpg 1400w\" sizes=\"auto, (max-width: 470px) 100vw, 470px\" \/><\/p>\n","protected":false},"excerpt":{"rendered":"<p>Die Essilor Vision Foundation und die DELFINGEN Foundation schlossen sich zum zweiten Mal zusammen, um eine Augenuntersuchung f\u00fcr die DELFINGEN-Mitarbeiter und ihre Familien durchzuf\u00fchren. Die Initiative fand in Cavite (Philippinen) statt. Ein ganzer Tag im Zeichen des Sehtest \u00dcber 300 Menschen, Mitarbeiter und Familienmitglieder, wurden von 7.30 &#8211; 17.00 Uhr untersucht. Nach dem Ausf\u00fcllen eines [&hellip;]<\/p>\n","protected":false},"author":18,"featured_media":5720,"comment_status":"open","ping_status":"open","sticky":false,"template":"","format":"standard","meta":{"_acf_changed":false,"footnotes":""},"categories":[1],"tags":[],"class_list":["post-5737","post","type-post","status-publish","format-standard","has-post-thumbnail","hentry","category-non-classifiee"],"acf":[],"yoast_head":"<!-- This site is optimized with the Yoast SEO plugin v27.2 - https:\/\/yoast.com\/product\/yoast-seo-wordpress\/ -->\n<title>Zweite Kooperation zwischen DELFINGEN Foundation und ESSILOR VISION Foundation | DELFINGEN<\/title>\n<meta name=\"robots\" content=\"index, follow, max-snippet:-1, max-image-preview:large, max-video-preview:-1\" \/>\n<link rel=\"canonical\" href=\"https:\/\/delfingen.com\/de\/zweite-kooperation-zwischen-delfingen-foundation-und-essilor-vision-foundation\/\" \/>\n<meta property=\"og:locale\" content=\"de_DE\" \/>\n<meta property=\"og:type\" content=\"article\" \/>\n<meta property=\"og:title\" content=\"Zweite Kooperation zwischen DELFINGEN Foundation und ESSILOR VISION Foundation | DELFINGEN\" \/>\n<meta property=\"og:description\" content=\"Die Essilor Vision Foundation und die DELFINGEN Foundation schlossen sich zum zweiten Mal zusammen, um eine Augenuntersuchung f\u00fcr die DELFINGEN-Mitarbeiter und ihre Familien durchzuf\u00fchren. Die Initiative fand in Cavite (Philippinen) statt. Ein ganzer Tag im Zeichen des Sehtest \u00dcber 300 Menschen, Mitarbeiter und Familienmitglieder, wurden von 7.30 &#8211; 17.00 Uhr untersucht. Nach dem Ausf\u00fcllen eines [&hellip;]\" \/>\n<meta property=\"og:url\" content=\"https:\/\/delfingen.com\/de\/zweite-kooperation-zwischen-delfingen-foundation-und-essilor-vision-foundation\/\" \/>\n<meta property=\"og:site_name\" content=\"DELFINGEN\" \/>\n<meta property=\"article:published_time\" content=\"2018-02-15T12:32:36+00:00\" \/>\n<meta property=\"article:modified_time\" content=\"2018-02-15T14:32:39+00:00\" \/>\n<meta property=\"og:image\" content=\"https:\/\/delfingen.com\/medias\/dsc_0000-min-1.png\" \/>\n\t<meta property=\"og:image:width\" content=\"512\" \/>\n\t<meta property=\"og:image:height\" content=\"357\" \/>\n\t<meta property=\"og:image:type\" content=\"image\/png\" \/>\n<meta name=\"author\" content=\"St\u00e9phanie Vallot\" \/>\n<meta name=\"twitter:card\" content=\"summary_large_image\" \/>\n<meta name=\"twitter:label1\" content=\"Verfasst von\" \/>\n\t<meta name=\"twitter:data1\" content=\"St\u00e9phanie Vallot\" \/>\n\t<meta name=\"twitter:label2\" content=\"Gesch\u00e4tzte Lesezeit\" \/>\n\t<meta name=\"twitter:data2\" content=\"1 minute\" \/>\n<script type=\"application\/ld+json\" class=\"yoast-schema-graph\">{\"@context\":\"https:\/\/schema.org\",\"@graph\":[{\"@type\":\"Article\",\"@id\":\"https:\/\/delfingen.com\/de\/zweite-kooperation-zwischen-delfingen-foundation-und-essilor-vision-foundation\/#article\",\"isPartOf\":{\"@id\":\"https:\/\/delfingen.com\/de\/zweite-kooperation-zwischen-delfingen-foundation-und-essilor-vision-foundation\/\"},\"author\":{\"name\":\"St\u00e9phanie Vallot\",\"@id\":\"https:\/\/delfingen.com\/en\/#\/schema\/person\/7fd00d1bfa1069f46420dfffd81eee0d\"},\"headline\":\"Zweite Kooperation zwischen DELFINGEN Foundation und ESSILOR VISION Foundation\",\"datePublished\":\"2018-02-15T12:32:36+00:00\",\"dateModified\":\"2018-02-15T14:32:39+00:00\",\"mainEntityOfPage\":{\"@id\":\"https:\/\/delfingen.com\/de\/zweite-kooperation-zwischen-delfingen-foundation-und-essilor-vision-foundation\/\"},\"wordCount\":306,\"commentCount\":0,\"image\":{\"@id\":\"https:\/\/delfingen.com\/de\/zweite-kooperation-zwischen-delfingen-foundation-und-essilor-vision-foundation\/#primaryimage\"},\"thumbnailUrl\":\"https:\/\/delfingen.com\/medias\/dsc_0000-min-1.png\",\"articleSection\":[\"Non classifi\u00e9(e)\"],\"inLanguage\":\"de-DE\",\"potentialAction\":[{\"@type\":\"CommentAction\",\"name\":\"Comment\",\"target\":[\"https:\/\/delfingen.com\/de\/zweite-kooperation-zwischen-delfingen-foundation-und-essilor-vision-foundation\/#respond\"]}]},{\"@type\":\"WebPage\",\"@id\":\"https:\/\/delfingen.com\/de\/zweite-kooperation-zwischen-delfingen-foundation-und-essilor-vision-foundation\/\",\"url\":\"https:\/\/delfingen.com\/de\/zweite-kooperation-zwischen-delfingen-foundation-und-essilor-vision-foundation\/\",\"name\":\"Zweite Kooperation zwischen DELFINGEN Foundation und ESSILOR VISION Foundation | DELFINGEN\",\"isPartOf\":{\"@id\":\"https:\/\/delfingen.com\/en\/#website\"},\"primaryImageOfPage\":{\"@id\":\"https:\/\/delfingen.com\/de\/zweite-kooperation-zwischen-delfingen-foundation-und-essilor-vision-foundation\/#primaryimage\"},\"image\":{\"@id\":\"https:\/\/delfingen.com\/de\/zweite-kooperation-zwischen-delfingen-foundation-und-essilor-vision-foundation\/#primaryimage\"},\"thumbnailUrl\":\"https:\/\/delfingen.com\/medias\/dsc_0000-min-1.png\",\"datePublished\":\"2018-02-15T12:32:36+00:00\",\"dateModified\":\"2018-02-15T14:32:39+00:00\",\"author\":{\"@id\":\"https:\/\/delfingen.com\/en\/#\/schema\/person\/7fd00d1bfa1069f46420dfffd81eee0d\"},\"inLanguage\":\"de-DE\",\"potentialAction\":[{\"@type\":\"ReadAction\",\"target\":[\"https:\/\/delfingen.com\/de\/zweite-kooperation-zwischen-delfingen-foundation-und-essilor-vision-foundation\/\"]}]},{\"@type\":\"ImageObject\",\"inLanguage\":\"de-DE\",\"@id\":\"https:\/\/delfingen.com\/de\/zweite-kooperation-zwischen-delfingen-foundation-und-essilor-vision-foundation\/#primaryimage\",\"url\":\"https:\/\/delfingen.com\/medias\/dsc_0000-min-1.png\",\"contentUrl\":\"https:\/\/delfingen.com\/medias\/dsc_0000-min-1.png\",\"width\":512,\"height\":357},{\"@type\":\"WebSite\",\"@id\":\"https:\/\/delfingen.com\/en\/#website\",\"url\":\"https:\/\/delfingen.com\/en\/\",\"name\":\"DELFINGEN\",\"description\":\"\u00c9quipementier automobile mondial\",\"potentialAction\":[{\"@type\":\"SearchAction\",\"target\":{\"@type\":\"EntryPoint\",\"urlTemplate\":\"https:\/\/delfingen.com\/en\/?s={search_term_string}\"},\"query-input\":{\"@type\":\"PropertyValueSpecification\",\"valueRequired\":true,\"valueName\":\"search_term_string\"}}],\"inLanguage\":\"de-DE\"},{\"@type\":\"Person\",\"@id\":\"https:\/\/delfingen.com\/en\/#\/schema\/person\/7fd00d1bfa1069f46420dfffd81eee0d\",\"name\":\"St\u00e9phanie Vallot\",\"sameAs\":[\"http:\/\/delfingen.com\"]}]}<\/script>\n<!-- \/ Yoast SEO plugin. -->","yoast_head_json":{"title":"Zweite Kooperation zwischen DELFINGEN Foundation und ESSILOR VISION Foundation | DELFINGEN","robots":{"index":"index","follow":"follow","max-snippet":"max-snippet:-1","max-image-preview":"max-image-preview:large","max-video-preview":"max-video-preview:-1"},"canonical":"https:\/\/delfingen.com\/de\/zweite-kooperation-zwischen-delfingen-foundation-und-essilor-vision-foundation\/","og_locale":"de_DE","og_type":"article","og_title":"Zweite Kooperation zwischen DELFINGEN Foundation und ESSILOR VISION Foundation | DELFINGEN","og_description":"Die Essilor Vision Foundation und die DELFINGEN Foundation schlossen sich zum zweiten Mal zusammen, um eine Augenuntersuchung f\u00fcr die DELFINGEN-Mitarbeiter und ihre Familien durchzuf\u00fchren. Die Initiative fand in Cavite (Philippinen) statt. Ein ganzer Tag im Zeichen des Sehtest \u00dcber 300 Menschen, Mitarbeiter und Familienmitglieder, wurden von 7.30 &#8211; 17.00 Uhr untersucht. Nach dem Ausf\u00fcllen eines [&hellip;]","og_url":"https:\/\/delfingen.com\/de\/zweite-kooperation-zwischen-delfingen-foundation-und-essilor-vision-foundation\/","og_site_name":"DELFINGEN","article_published_time":"2018-02-15T12:32:36+00:00","article_modified_time":"2018-02-15T14:32:39+00:00","og_image":[{"width":512,"height":357,"url":"https:\/\/delfingen.com\/medias\/dsc_0000-min-1.png","type":"image\/png"}],"author":"St\u00e9phanie Vallot","twitter_card":"summary_large_image","twitter_misc":{"Verfasst von":"St\u00e9phanie Vallot","Gesch\u00e4tzte Lesezeit":"1 minute"},"schema":{"@context":"https:\/\/schema.org","@graph":[{"@type":"Article","@id":"https:\/\/delfingen.com\/de\/zweite-kooperation-zwischen-delfingen-foundation-und-essilor-vision-foundation\/#article","isPartOf":{"@id":"https:\/\/delfingen.com\/de\/zweite-kooperation-zwischen-delfingen-foundation-und-essilor-vision-foundation\/"},"author":{"name":"St\u00e9phanie Vallot","@id":"https:\/\/delfingen.com\/en\/#\/schema\/person\/7fd00d1bfa1069f46420dfffd81eee0d"},"headline":"Zweite Kooperation zwischen DELFINGEN Foundation und ESSILOR VISION Foundation","datePublished":"2018-02-15T12:32:36+00:00","dateModified":"2018-02-15T14:32:39+00:00","mainEntityOfPage":{"@id":"https:\/\/delfingen.com\/de\/zweite-kooperation-zwischen-delfingen-foundation-und-essilor-vision-foundation\/"},"wordCount":306,"commentCount":0,"image":{"@id":"https:\/\/delfingen.com\/de\/zweite-kooperation-zwischen-delfingen-foundation-und-essilor-vision-foundation\/#primaryimage"},"thumbnailUrl":"https:\/\/delfingen.com\/medias\/dsc_0000-min-1.png","articleSection":["Non classifi\u00e9(e)"],"inLanguage":"de-DE","potentialAction":[{"@type":"CommentAction","name":"Comment","target":["https:\/\/delfingen.com\/de\/zweite-kooperation-zwischen-delfingen-foundation-und-essilor-vision-foundation\/#respond"]}]},{"@type":"WebPage","@id":"https:\/\/delfingen.com\/de\/zweite-kooperation-zwischen-delfingen-foundation-und-essilor-vision-foundation\/","url":"https:\/\/delfingen.com\/de\/zweite-kooperation-zwischen-delfingen-foundation-und-essilor-vision-foundation\/","name":"Zweite Kooperation zwischen DELFINGEN Foundation und ESSILOR VISION Foundation | DELFINGEN","isPartOf":{"@id":"https:\/\/delfingen.com\/en\/#website"},"primaryImageOfPage":{"@id":"https:\/\/delfingen.com\/de\/zweite-kooperation-zwischen-delfingen-foundation-und-essilor-vision-foundation\/#primaryimage"},"image":{"@id":"https:\/\/delfingen.com\/de\/zweite-kooperation-zwischen-delfingen-foundation-und-essilor-vision-foundation\/#primaryimage"},"thumbnailUrl":"https:\/\/delfingen.com\/medias\/dsc_0000-min-1.png","datePublished":"2018-02-15T12:32:36+00:00","dateModified":"2018-02-15T14:32:39+00:00","author":{"@id":"https:\/\/delfingen.com\/en\/#\/schema\/person\/7fd00d1bfa1069f46420dfffd81eee0d"},"inLanguage":"de-DE","potentialAction":[{"@type":"ReadAction","target":["https:\/\/delfingen.com\/de\/zweite-kooperation-zwischen-delfingen-foundation-und-essilor-vision-foundation\/"]}]},{"@type":"ImageObject","inLanguage":"de-DE","@id":"https:\/\/delfingen.com\/de\/zweite-kooperation-zwischen-delfingen-foundation-und-essilor-vision-foundation\/#primaryimage","url":"https:\/\/delfingen.com\/medias\/dsc_0000-min-1.png","contentUrl":"https:\/\/delfingen.com\/medias\/dsc_0000-min-1.png","width":512,"height":357},{"@type":"WebSite","@id":"https:\/\/delfingen.com\/en\/#website","url":"https:\/\/delfingen.com\/en\/","name":"DELFINGEN","description":"\u00c9quipementier automobile mondial","potentialAction":[{"@type":"SearchAction","target":{"@type":"EntryPoint","urlTemplate":"https:\/\/delfingen.com\/en\/?s={search_term_string}"},"query-input":{"@type":"PropertyValueSpecification","valueRequired":true,"valueName":"search_term_string"}}],"inLanguage":"de-DE"},{"@type":"Person","@id":"https:\/\/delfingen.com\/en\/#\/schema\/person\/7fd00d1bfa1069f46420dfffd81eee0d","name":"St\u00e9phanie Vallot","sameAs":["http:\/\/delfingen.com"]}]}},"_links":{"self":[{"href":"https:\/\/delfingen.com\/de\/wp-json\/wp\/v2\/posts\/5737","targetHints":{"allow":["GET"]}}],"collection":[{"href":"https:\/\/delfingen.com\/de\/wp-json\/wp\/v2\/posts"}],"about":[{"href":"https:\/\/delfingen.com\/de\/wp-json\/wp\/v2\/types\/post"}],"author":[{"embeddable":true,"href":"https:\/\/delfingen.com\/de\/wp-json\/wp\/v2\/users\/18"}],"replies":[{"embeddable":true,"href":"https:\/\/delfingen.com\/de\/wp-json\/wp\/v2\/comments?post=5737"}],"version-history":[{"count":4,"href":"https:\/\/delfingen.com\/de\/wp-json\/wp\/v2\/posts\/5737\/revisions"}],"predecessor-version":[{"id":5747,"href":"https:\/\/delfingen.com\/de\/wp-json\/wp\/v2\/posts\/5737\/revisions\/5747"}],"wp:featuredmedia":[{"embeddable":true,"href":"https:\/\/delfingen.com\/de\/wp-json\/wp\/v2\/media\/5720"}],"wp:attachment":[{"href":"https:\/\/delfingen.com\/de\/wp-json\/wp\/v2\/media?parent=5737"}],"wp:term":[{"taxonomy":"category","embeddable":true,"href":"https:\/\/delfingen.com\/de\/wp-json\/wp\/v2\/categories?post=5737"},{"taxonomy":"post_tag","embeddable":true,"href":"https:\/\/delfingen.com\/de\/wp-json\/wp\/v2\/tags?post=5737"}],"curies":[{"name":"wp","href":"https:\/\/api.w.org\/{rel}","templated":true}]}}