{"id":8052,"date":"2018-06-28T15:04:07","date_gmt":"2018-06-28T13:04:07","guid":{"rendered":"https:\/\/delfingen.com\/?p=8052"},"modified":"2018-10-11T11:23:53","modified_gmt":"2018-10-11T09:23:53","slug":"delfingen-feiert-seine-20-jaehrige-praesenz-in-den-usa","status":"publish","type":"post","link":"https:\/\/delfingen.com\/de\/delfingen-feiert-seine-20-jaehrige-praesenz-in-den-usa\/","title":{"rendered":"DELFINGEN feiert seine 20-j\u00e4hrige Pr\u00e4senz in den USA"},"content":{"rendered":"<p><img loading=\"lazy\" decoding=\"async\" class=\"alignnone wp-image-8111\" src=\"https:\/\/delfingen.com\/medias\/20-years-in-the-us-jpg.jpg\" alt=\"\" width=\"181\" height=\"188\" \/><\/p>\n<p>&nbsp;<\/p>\n<h2>Eine Eroberungsstrategie beginnt 1998<\/h2>\n<p>SOFANOUs amerikanisches Abenteuer beginnt 1998 mit der \u00dcbernahme von Truesdell und APTC. SOFANOU besa\u00df jetzt zwei der drei gr\u00f6\u00dften Hersteller f\u00fcr Schutzkomponenten (der dritte, M&amp;Q, wurde 2008 \u00fcbernommen).<br \/>\nDanach begann in den Vereinigten Staaten eine massive industrielle Organisation: Sumitomo, zu der Zeit unser Hauptkunde, beschloss wie viele andere Kabelhersteller, seine B\u00fcros in den S\u00fcden des Landes, nahe der mexikanischen Grenze zu legen. Die Kombination aus diesem Trend und der Strategie SOFANOUs hat uns veranlasst, unsere neu erworbenen B\u00fcros vom Norden in den S\u00fcden nach El Paso, Texas, zu verlegen.<\/p>\n<div id=\"attachment_7990\" style=\"width: 433px\" class=\"wp-caption aligncenter\"><img loading=\"lazy\" decoding=\"async\" aria-describedby=\"caption-attachment-7990\" class=\"wp-image-7990\" src=\"https:\/\/delfingen.com\/medias\/truesdell1-512x340.jpg\" alt=\"Delfingen - 20 ans - acquisition Truesdell\" width=\"423\" height=\"281\" srcset=\"https:\/\/delfingen.com\/medias\/truesdell1-512x340.jpg 512w, https:\/\/delfingen.com\/medias\/truesdell1-768x509.jpg 768w, https:\/\/delfingen.com\/medias\/truesdell1-1400x928.jpg 1400w\" sizes=\"auto, (max-width: 423px) 100vw, 423px\" \/><p id=\"caption-attachment-7990\" class=\"wp-caption-text\"><span style=\"color: #808080;\"><em>\u00dcbernahme Truesdell 1998<\/em><\/span><\/p><\/div>\n<p>Zur gleichen Zeit wurden zwei weitere \u00dcbernahmen get\u00e4tigt: 2000 Jenisco und 2001 Markel. Beide Unternehmen hatten sich mit Produktlinien im Bereich Glasfaser im Industriemarkt positioniert, die mit Silikon, Acryl oder PVC beschichtet werden konnten.<br \/>\n2004 er\u00f6ffnete das Unternehmen ein Werk auf Honduras um n\u00e4her bei LEAR, einem strategischen Kunden, zu sein. Das erste mexikanische Werk er\u00f6ffnete 2006 in Saltillo. Seitdem hat das Unternehmen weitere Werke in Celaya und Torr\u00e9on er\u00f6ffnet.<\/p>\n<h2>Von SOFANOU zu DELFINGEN, die amerikanische Expansion geht weiter<\/h2>\n<p>Das Jahr 2007 versprach eine Zeit der Ver\u00e4nderung zu werden; SOFANOU wurde DELFINGEN &#8211; ein Hinweis auf den schweizerischen Ursprung der Gr\u00fcnderfamilie &#8211; und die Er\u00f6ffnung eines neuen Werks in Sorocaba, Brasilien.<br \/>\n2008 \u00fcbernahm DELFINGEN nach mehreren Jahren Verhandlung M&amp;Q, die zwei Werke in Texas und ein Werk auf den Philippinen hatten. Die \u00dcbernahmen von Hilec (2012) und Drossbach (2017) folgten und erm\u00f6glichten DELFINGEN seine Position in den L\u00e4ndern mit NAFTA-Vertrag zu verst\u00e4rken. 2018 \u00fcbernahm DELFINGEN durch eine vertikale Integration AEC, einen seiner Lieferanten.<\/p>\n<div id=\"attachment_7978\" style=\"width: 522px\" class=\"wp-caption aligncenter\"><img loading=\"lazy\" decoding=\"async\" aria-describedby=\"caption-attachment-7978\" class=\"wp-image-7978 size-medium\" src=\"https:\/\/delfingen.com\/medias\/acquisition-drossbach-31-512x288.jpg\" alt=\"Delfingen acquisition Drossbach\" width=\"512\" height=\"288\" srcset=\"https:\/\/delfingen.com\/medias\/acquisition-drossbach-31-512x288.jpg 512w, https:\/\/delfingen.com\/medias\/acquisition-drossbach-31-768x432.jpg 768w, https:\/\/delfingen.com\/medias\/acquisition-drossbach-31-1400x788.jpg 1400w\" sizes=\"auto, (max-width: 512px) 100vw, 512px\" \/><p id=\"caption-attachment-7978\" class=\"wp-caption-text\"><span style=\"color: #808080;\"><em>\u00dcbernahme Drossbach 2017<\/em><\/span><\/p><\/div>\n<h2>Zwei Tage des Feierns<\/h2>\n<p>Kollegen, ehemalige Kollegen, Gesch\u00e4ftspartner und Lieferanten wurden zu einer zweit\u00e4gigen Feier am 14. und 20. Juni in Detroit und El Paso eingeladen.<\/p>\n<p>Die Veranstaltung beinhaltete eine Pr\u00e4sentation von Gerald Streit, CEO &amp; Vorstand von DELFINGEN, \u00fcber die 20-j\u00e4hrigen Reise, die Entwicklung der Produktlinie von DELFINGEN und reflektierte die M\u00e4nner und Frauen, die das m\u00f6glich gemacht haben.<\/p>\n<p>Die Veranstaltung pr\u00e4sentierte auch den 2018 FCA JL (Jeep Wrangler), der viele DELFINGEN FTT- &amp; Protection System-Produke beinhaltet, im Vergleich zu der Version von 1998.<\/p>\n<p>Die Veranstaltung war ein Erfolg und zeugen von einem bemerkenswerten menschlichen Abenteuer, welches vor 20 Jahren begann und noch viele Jahre andauern wird.<\/p>\n<table class=\" aligncenter\">\n<tbody>\n<tr>\n<td><img loading=\"lazy\" decoding=\"async\" class=\"alignnone size-medium wp-image-8033\" src=\"https:\/\/delfingen.com\/medias\/article3-512x313.png\" alt=\"\" width=\"512\" height=\"313\" \/><\/td>\n<td><img loading=\"lazy\" decoding=\"async\" class=\"alignnone size-medium wp-image-8029\" src=\"https:\/\/delfingen.com\/medias\/article2-512x313.png\" alt=\"\" width=\"512\" height=\"313\" \/><\/td>\n<\/tr>\n<tr>\n<td><img loading=\"lazy\" decoding=\"async\" class=\"alignnone size-medium wp-image-8025\" src=\"https:\/\/delfingen.com\/medias\/article1-512x313.png\" alt=\"\" width=\"512\" height=\"313\" \/><\/td>\n<td><img loading=\"lazy\" decoding=\"async\" class=\"alignnone size-medium wp-image-8021\" src=\"https:\/\/delfingen.com\/medias\/article4-512x313.png\" alt=\"\" width=\"512\" height=\"313\" \/><\/td>\n<\/tr>\n<\/tbody>\n<\/table>\n<p>&nbsp;<\/p>\n","protected":false},"excerpt":{"rendered":"<p>&nbsp; Eine Eroberungsstrategie beginnt 1998 SOFANOUs amerikanisches Abenteuer beginnt 1998 mit der \u00dcbernahme von Truesdell und APTC. SOFANOU besa\u00df jetzt zwei der drei gr\u00f6\u00dften Hersteller f\u00fcr Schutzkomponenten (der dritte, M&amp;Q, wurde 2008 \u00fcbernommen). Danach begann in den Vereinigten Staaten eine massive industrielle Organisation: Sumitomo, zu der Zeit unser Hauptkunde, beschloss wie viele andere Kabelhersteller, seine [&hellip;]<\/p>\n","protected":false},"author":18,"featured_media":7998,"comment_status":"open","ping_status":"open","sticky":false,"template":"","format":"standard","meta":{"_acf_changed":false,"footnotes":""},"categories":[1],"tags":[],"class_list":["post-8052","post","type-post","status-publish","format-standard","has-post-thumbnail","hentry","category-non-classifiee"],"acf":[],"yoast_head":"<!-- This site is optimized with the Yoast SEO plugin v27.2 - https:\/\/yoast.com\/product\/yoast-seo-wordpress\/ -->\n<title>DELFINGEN feiert seine 20-j\u00e4hrige Pr\u00e4senz in den USA | DELFINGEN<\/title>\n<meta name=\"robots\" content=\"index, follow, max-snippet:-1, max-image-preview:large, max-video-preview:-1\" \/>\n<link rel=\"canonical\" href=\"https:\/\/delfingen.com\/de\/delfingen-feiert-seine-20-jaehrige-praesenz-in-den-usa\/\" \/>\n<meta property=\"og:locale\" content=\"de_DE\" \/>\n<meta property=\"og:type\" content=\"article\" \/>\n<meta property=\"og:title\" content=\"DELFINGEN feiert seine 20-j\u00e4hrige Pr\u00e4senz in den USA | DELFINGEN\" \/>\n<meta property=\"og:description\" content=\"&nbsp; Eine Eroberungsstrategie beginnt 1998 SOFANOUs amerikanisches Abenteuer beginnt 1998 mit der \u00dcbernahme von Truesdell und APTC. SOFANOU besa\u00df jetzt zwei der drei gr\u00f6\u00dften Hersteller f\u00fcr Schutzkomponenten (der dritte, M&amp;Q, wurde 2008 \u00fcbernommen). Danach begann in den Vereinigten Staaten eine massive industrielle Organisation: Sumitomo, zu der Zeit unser Hauptkunde, beschloss wie viele andere Kabelhersteller, seine [&hellip;]\" \/>\n<meta property=\"og:url\" content=\"https:\/\/delfingen.com\/de\/delfingen-feiert-seine-20-jaehrige-praesenz-in-den-usa\/\" \/>\n<meta property=\"og:site_name\" content=\"DELFINGEN\" \/>\n<meta property=\"article:published_time\" content=\"2018-06-28T13:04:07+00:00\" \/>\n<meta property=\"article:modified_time\" content=\"2018-10-11T09:23:53+00:00\" \/>\n<meta property=\"og:image\" content=\"https:\/\/delfingen.com\/medias\/del_003.jpg\" \/>\n\t<meta property=\"og:image:width\" content=\"1280\" \/>\n\t<meta property=\"og:image:height\" content=\"854\" \/>\n\t<meta property=\"og:image:type\" content=\"image\/jpeg\" \/>\n<meta name=\"author\" content=\"St\u00e9phanie Vallot\" \/>\n<meta name=\"twitter:card\" content=\"summary_large_image\" \/>\n<meta name=\"twitter:label1\" content=\"Verfasst von\" \/>\n\t<meta name=\"twitter:data1\" content=\"St\u00e9phanie Vallot\" \/>\n\t<meta name=\"twitter:label2\" content=\"Gesch\u00e4tzte Lesezeit\" \/>\n\t<meta name=\"twitter:data2\" content=\"2 minutes\" \/>\n<script type=\"application\/ld+json\" class=\"yoast-schema-graph\">{\"@context\":\"https:\/\/schema.org\",\"@graph\":[{\"@type\":\"Article\",\"@id\":\"https:\/\/delfingen.com\/de\/delfingen-feiert-seine-20-jaehrige-praesenz-in-den-usa\/#article\",\"isPartOf\":{\"@id\":\"https:\/\/delfingen.com\/de\/delfingen-feiert-seine-20-jaehrige-praesenz-in-den-usa\/\"},\"author\":{\"name\":\"St\u00e9phanie Vallot\",\"@id\":\"https:\/\/delfingen.com\/en\/#\/schema\/person\/7fd00d1bfa1069f46420dfffd81eee0d\"},\"headline\":\"DELFINGEN feiert seine 20-j\u00e4hrige Pr\u00e4senz in den USA\",\"datePublished\":\"2018-06-28T13:04:07+00:00\",\"dateModified\":\"2018-10-11T09:23:53+00:00\",\"mainEntityOfPage\":{\"@id\":\"https:\/\/delfingen.com\/de\/delfingen-feiert-seine-20-jaehrige-praesenz-in-den-usa\/\"},\"wordCount\":406,\"commentCount\":0,\"image\":{\"@id\":\"https:\/\/delfingen.com\/de\/delfingen-feiert-seine-20-jaehrige-praesenz-in-den-usa\/#primaryimage\"},\"thumbnailUrl\":\"https:\/\/delfingen.com\/medias\/del_003.jpg\",\"articleSection\":[\"Non classifi\u00e9(e)\"],\"inLanguage\":\"de-DE\",\"potentialAction\":[{\"@type\":\"CommentAction\",\"name\":\"Comment\",\"target\":[\"https:\/\/delfingen.com\/de\/delfingen-feiert-seine-20-jaehrige-praesenz-in-den-usa\/#respond\"]}]},{\"@type\":\"WebPage\",\"@id\":\"https:\/\/delfingen.com\/de\/delfingen-feiert-seine-20-jaehrige-praesenz-in-den-usa\/\",\"url\":\"https:\/\/delfingen.com\/de\/delfingen-feiert-seine-20-jaehrige-praesenz-in-den-usa\/\",\"name\":\"DELFINGEN feiert seine 20-j\u00e4hrige Pr\u00e4senz in den USA | DELFINGEN\",\"isPartOf\":{\"@id\":\"https:\/\/delfingen.com\/en\/#website\"},\"primaryImageOfPage\":{\"@id\":\"https:\/\/delfingen.com\/de\/delfingen-feiert-seine-20-jaehrige-praesenz-in-den-usa\/#primaryimage\"},\"image\":{\"@id\":\"https:\/\/delfingen.com\/de\/delfingen-feiert-seine-20-jaehrige-praesenz-in-den-usa\/#primaryimage\"},\"thumbnailUrl\":\"https:\/\/delfingen.com\/medias\/del_003.jpg\",\"datePublished\":\"2018-06-28T13:04:07+00:00\",\"dateModified\":\"2018-10-11T09:23:53+00:00\",\"author\":{\"@id\":\"https:\/\/delfingen.com\/en\/#\/schema\/person\/7fd00d1bfa1069f46420dfffd81eee0d\"},\"inLanguage\":\"de-DE\",\"potentialAction\":[{\"@type\":\"ReadAction\",\"target\":[\"https:\/\/delfingen.com\/de\/delfingen-feiert-seine-20-jaehrige-praesenz-in-den-usa\/\"]}]},{\"@type\":\"ImageObject\",\"inLanguage\":\"de-DE\",\"@id\":\"https:\/\/delfingen.com\/de\/delfingen-feiert-seine-20-jaehrige-praesenz-in-den-usa\/#primaryimage\",\"url\":\"https:\/\/delfingen.com\/medias\/del_003.jpg\",\"contentUrl\":\"https:\/\/delfingen.com\/medias\/del_003.jpg\",\"width\":1280,\"height\":854},{\"@type\":\"WebSite\",\"@id\":\"https:\/\/delfingen.com\/en\/#website\",\"url\":\"https:\/\/delfingen.com\/en\/\",\"name\":\"DELFINGEN\",\"description\":\"\u00c9quipementier automobile mondial\",\"potentialAction\":[{\"@type\":\"SearchAction\",\"target\":{\"@type\":\"EntryPoint\",\"urlTemplate\":\"https:\/\/delfingen.com\/en\/?s={search_term_string}\"},\"query-input\":{\"@type\":\"PropertyValueSpecification\",\"valueRequired\":true,\"valueName\":\"search_term_string\"}}],\"inLanguage\":\"de-DE\"},{\"@type\":\"Person\",\"@id\":\"https:\/\/delfingen.com\/en\/#\/schema\/person\/7fd00d1bfa1069f46420dfffd81eee0d\",\"name\":\"St\u00e9phanie Vallot\",\"sameAs\":[\"http:\/\/delfingen.com\"]}]}<\/script>\n<!-- \/ Yoast SEO plugin. -->","yoast_head_json":{"title":"DELFINGEN feiert seine 20-j\u00e4hrige Pr\u00e4senz in den USA | DELFINGEN","robots":{"index":"index","follow":"follow","max-snippet":"max-snippet:-1","max-image-preview":"max-image-preview:large","max-video-preview":"max-video-preview:-1"},"canonical":"https:\/\/delfingen.com\/de\/delfingen-feiert-seine-20-jaehrige-praesenz-in-den-usa\/","og_locale":"de_DE","og_type":"article","og_title":"DELFINGEN feiert seine 20-j\u00e4hrige Pr\u00e4senz in den USA | DELFINGEN","og_description":"&nbsp; Eine Eroberungsstrategie beginnt 1998 SOFANOUs amerikanisches Abenteuer beginnt 1998 mit der \u00dcbernahme von Truesdell und APTC. SOFANOU besa\u00df jetzt zwei der drei gr\u00f6\u00dften Hersteller f\u00fcr Schutzkomponenten (der dritte, M&amp;Q, wurde 2008 \u00fcbernommen). Danach begann in den Vereinigten Staaten eine massive industrielle Organisation: Sumitomo, zu der Zeit unser Hauptkunde, beschloss wie viele andere Kabelhersteller, seine [&hellip;]","og_url":"https:\/\/delfingen.com\/de\/delfingen-feiert-seine-20-jaehrige-praesenz-in-den-usa\/","og_site_name":"DELFINGEN","article_published_time":"2018-06-28T13:04:07+00:00","article_modified_time":"2018-10-11T09:23:53+00:00","og_image":[{"width":1280,"height":854,"url":"https:\/\/delfingen.com\/medias\/del_003.jpg","type":"image\/jpeg"}],"author":"St\u00e9phanie Vallot","twitter_card":"summary_large_image","twitter_misc":{"Verfasst von":"St\u00e9phanie Vallot","Gesch\u00e4tzte Lesezeit":"2 minutes"},"schema":{"@context":"https:\/\/schema.org","@graph":[{"@type":"Article","@id":"https:\/\/delfingen.com\/de\/delfingen-feiert-seine-20-jaehrige-praesenz-in-den-usa\/#article","isPartOf":{"@id":"https:\/\/delfingen.com\/de\/delfingen-feiert-seine-20-jaehrige-praesenz-in-den-usa\/"},"author":{"name":"St\u00e9phanie Vallot","@id":"https:\/\/delfingen.com\/en\/#\/schema\/person\/7fd00d1bfa1069f46420dfffd81eee0d"},"headline":"DELFINGEN feiert seine 20-j\u00e4hrige Pr\u00e4senz in den USA","datePublished":"2018-06-28T13:04:07+00:00","dateModified":"2018-10-11T09:23:53+00:00","mainEntityOfPage":{"@id":"https:\/\/delfingen.com\/de\/delfingen-feiert-seine-20-jaehrige-praesenz-in-den-usa\/"},"wordCount":406,"commentCount":0,"image":{"@id":"https:\/\/delfingen.com\/de\/delfingen-feiert-seine-20-jaehrige-praesenz-in-den-usa\/#primaryimage"},"thumbnailUrl":"https:\/\/delfingen.com\/medias\/del_003.jpg","articleSection":["Non classifi\u00e9(e)"],"inLanguage":"de-DE","potentialAction":[{"@type":"CommentAction","name":"Comment","target":["https:\/\/delfingen.com\/de\/delfingen-feiert-seine-20-jaehrige-praesenz-in-den-usa\/#respond"]}]},{"@type":"WebPage","@id":"https:\/\/delfingen.com\/de\/delfingen-feiert-seine-20-jaehrige-praesenz-in-den-usa\/","url":"https:\/\/delfingen.com\/de\/delfingen-feiert-seine-20-jaehrige-praesenz-in-den-usa\/","name":"DELFINGEN feiert seine 20-j\u00e4hrige Pr\u00e4senz in den USA | DELFINGEN","isPartOf":{"@id":"https:\/\/delfingen.com\/en\/#website"},"primaryImageOfPage":{"@id":"https:\/\/delfingen.com\/de\/delfingen-feiert-seine-20-jaehrige-praesenz-in-den-usa\/#primaryimage"},"image":{"@id":"https:\/\/delfingen.com\/de\/delfingen-feiert-seine-20-jaehrige-praesenz-in-den-usa\/#primaryimage"},"thumbnailUrl":"https:\/\/delfingen.com\/medias\/del_003.jpg","datePublished":"2018-06-28T13:04:07+00:00","dateModified":"2018-10-11T09:23:53+00:00","author":{"@id":"https:\/\/delfingen.com\/en\/#\/schema\/person\/7fd00d1bfa1069f46420dfffd81eee0d"},"inLanguage":"de-DE","potentialAction":[{"@type":"ReadAction","target":["https:\/\/delfingen.com\/de\/delfingen-feiert-seine-20-jaehrige-praesenz-in-den-usa\/"]}]},{"@type":"ImageObject","inLanguage":"de-DE","@id":"https:\/\/delfingen.com\/de\/delfingen-feiert-seine-20-jaehrige-praesenz-in-den-usa\/#primaryimage","url":"https:\/\/delfingen.com\/medias\/del_003.jpg","contentUrl":"https:\/\/delfingen.com\/medias\/del_003.jpg","width":1280,"height":854},{"@type":"WebSite","@id":"https:\/\/delfingen.com\/en\/#website","url":"https:\/\/delfingen.com\/en\/","name":"DELFINGEN","description":"\u00c9quipementier automobile mondial","potentialAction":[{"@type":"SearchAction","target":{"@type":"EntryPoint","urlTemplate":"https:\/\/delfingen.com\/en\/?s={search_term_string}"},"query-input":{"@type":"PropertyValueSpecification","valueRequired":true,"valueName":"search_term_string"}}],"inLanguage":"de-DE"},{"@type":"Person","@id":"https:\/\/delfingen.com\/en\/#\/schema\/person\/7fd00d1bfa1069f46420dfffd81eee0d","name":"St\u00e9phanie Vallot","sameAs":["http:\/\/delfingen.com"]}]}},"_links":{"self":[{"href":"https:\/\/delfingen.com\/de\/wp-json\/wp\/v2\/posts\/8052","targetHints":{"allow":["GET"]}}],"collection":[{"href":"https:\/\/delfingen.com\/de\/wp-json\/wp\/v2\/posts"}],"about":[{"href":"https:\/\/delfingen.com\/de\/wp-json\/wp\/v2\/types\/post"}],"author":[{"embeddable":true,"href":"https:\/\/delfingen.com\/de\/wp-json\/wp\/v2\/users\/18"}],"replies":[{"embeddable":true,"href":"https:\/\/delfingen.com\/de\/wp-json\/wp\/v2\/comments?post=8052"}],"version-history":[{"count":5,"href":"https:\/\/delfingen.com\/de\/wp-json\/wp\/v2\/posts\/8052\/revisions"}],"predecessor-version":[{"id":8781,"href":"https:\/\/delfingen.com\/de\/wp-json\/wp\/v2\/posts\/8052\/revisions\/8781"}],"wp:featuredmedia":[{"embeddable":true,"href":"https:\/\/delfingen.com\/de\/wp-json\/wp\/v2\/media\/7998"}],"wp:attachment":[{"href":"https:\/\/delfingen.com\/de\/wp-json\/wp\/v2\/media?parent=8052"}],"wp:term":[{"taxonomy":"category","embeddable":true,"href":"https:\/\/delfingen.com\/de\/wp-json\/wp\/v2\/categories?post=8052"},{"taxonomy":"post_tag","embeddable":true,"href":"https:\/\/delfingen.com\/de\/wp-json\/wp\/v2\/tags?post=8052"}],"curies":[{"name":"wp","href":"https:\/\/api.w.org\/{rel}","templated":true}]}}