{"id":8093,"date":"2018-06-06T12:11:31","date_gmt":"2018-06-06T10:11:31","guid":{"rendered":"https:\/\/delfingen.com\/?p=8093"},"modified":"2018-07-04T12:12:04","modified_gmt":"2018-07-04T10:12:04","slug":"bernard-streit-uebertraegt-den-vorsitz-an-seinen-sohn-gerald","status":"publish","type":"post","link":"https:\/\/delfingen.com\/de\/bernard-streit-uebertraegt-den-vorsitz-an-seinen-sohn-gerald\/","title":{"rendered":"Bernard Streit \u00fcbertr\u00e4gt den Vorsitz an seinen Sohn G\u00e9rald."},"content":{"rendered":"<p><img loading=\"lazy\" decoding=\"async\" src=\"https:\/\/delfingen.com\/medias\/b-et-g-512x341.jpg\" alt=\"\" width=\"512\" height=\"341\" class=\"alignnone size-medium wp-image-7943\" srcset=\"https:\/\/delfingen.com\/medias\/b-et-g-512x341.jpg 512w, https:\/\/delfingen.com\/medias\/b-et-g-768x512.jpg 768w, https:\/\/delfingen.com\/medias\/b-et-g-1400x933.jpg 1400w\" sizes=\"auto, (max-width: 512px) 100vw, 512px\" \/><\/p>\n<p>Nach 35-j\u00e4hriger F\u00fchrung des Unternehmens DELFINGEN entschied Bernard Streit den Vorsitz des Board of Directors an seinen Sohn G\u00e9rald zu \u00fcbertragen. Bernard Streit beh\u00e4lt sein Administratormandat im Board of Directors.<\/p>\n<p>Bernard Streit: \u201cDiese Entscheidung ist der H\u00f6hepunkt bei der \u00dcbergabe an meinen Sohn G\u00e9rald. Nachdem er verschiedene Positionen im Unternehmen besetzt hatte wurde er 2015 CEO\u201d.<\/p>\n<p>Gleichzeitig sind Hr. Georges Fran\u00e7ois, Hr. Michel de Massougnes und Hr. Stefaan Vandevelde von ihrer Position als Administrator zur\u00fcckgetreten, um das Board of Directors zu erneuern und das zuk\u00fcnftige Wachstum der Gruppe zu unterst\u00fctzen.<\/p>\n<p>G\u00e9rald Streit: \u201cIch m\u00f6chte mich bei diesen Administratoren, die den internationalen Ausbau von DELFINGEN unterst\u00fctzt haben, bedanken. Das Blatt wendet sich, neue Administratoren werden eingeladen uns in einigen Monaten beizutreten, um zum Erfolg von DELFINGEN beizutragen. Gemeinsam werden wir uns den Herausforderungen der Automobilindustrie und der Industrie 4.0 stellen\u201d.<\/p>\n","protected":false},"excerpt":{"rendered":"<p>Nach 35-j\u00e4hriger F\u00fchrung des Unternehmens DELFINGEN entschied Bernard Streit den Vorsitz des Board of Directors an seinen Sohn G\u00e9rald zu \u00fcbertragen. Bernard Streit beh\u00e4lt sein Administratormandat im Board of Directors. Bernard Streit: \u201cDiese Entscheidung ist der H\u00f6hepunkt bei der \u00dcbergabe an meinen Sohn G\u00e9rald. Nachdem er verschiedene Positionen im Unternehmen besetzt hatte wurde er 2015 [&hellip;]<\/p>\n","protected":false},"author":2,"featured_media":7943,"comment_status":"open","ping_status":"open","sticky":false,"template":"","format":"standard","meta":{"_acf_changed":false,"footnotes":""},"categories":[1],"tags":[],"class_list":["post-8093","post","type-post","status-publish","format-standard","has-post-thumbnail","hentry","category-non-classifiee"],"acf":[],"yoast_head":"<!-- This site is optimized with the Yoast SEO plugin v27.2 - https:\/\/yoast.com\/product\/yoast-seo-wordpress\/ -->\n<title>Bernard Streit \u00fcbertr\u00e4gt den Vorsitz an seinen Sohn G\u00e9rald. | DELFINGEN<\/title>\n<meta name=\"robots\" content=\"index, follow, max-snippet:-1, max-image-preview:large, max-video-preview:-1\" \/>\n<link rel=\"canonical\" href=\"https:\/\/delfingen.com\/de\/bernard-streit-uebertraegt-den-vorsitz-an-seinen-sohn-gerald\/\" \/>\n<meta property=\"og:locale\" content=\"de_DE\" \/>\n<meta property=\"og:type\" content=\"article\" \/>\n<meta property=\"og:title\" content=\"Bernard Streit \u00fcbertr\u00e4gt den Vorsitz an seinen Sohn G\u00e9rald. | DELFINGEN\" \/>\n<meta property=\"og:description\" content=\"Nach 35-j\u00e4hriger F\u00fchrung des Unternehmens DELFINGEN entschied Bernard Streit den Vorsitz des Board of Directors an seinen Sohn G\u00e9rald zu \u00fcbertragen. Bernard Streit beh\u00e4lt sein Administratormandat im Board of Directors. Bernard Streit: \u201cDiese Entscheidung ist der H\u00f6hepunkt bei der \u00dcbergabe an meinen Sohn G\u00e9rald. Nachdem er verschiedene Positionen im Unternehmen besetzt hatte wurde er 2015 [&hellip;]\" \/>\n<meta property=\"og:url\" content=\"https:\/\/delfingen.com\/de\/bernard-streit-uebertraegt-den-vorsitz-an-seinen-sohn-gerald\/\" \/>\n<meta property=\"og:site_name\" content=\"DELFINGEN\" \/>\n<meta property=\"article:published_time\" content=\"2018-06-06T10:11:31+00:00\" \/>\n<meta property=\"article:modified_time\" content=\"2018-07-04T10:12:04+00:00\" \/>\n<meta property=\"og:image\" content=\"https:\/\/delfingen.com\/medias\/b-et-g-1400x933.jpg\" \/>\n\t<meta property=\"og:image:width\" content=\"1400\" \/>\n\t<meta property=\"og:image:height\" content=\"933\" \/>\n\t<meta property=\"og:image:type\" content=\"image\/jpeg\" \/>\n<meta name=\"author\" content=\"admin-novembre\" \/>\n<meta name=\"twitter:card\" content=\"summary_large_image\" \/>\n<meta name=\"twitter:label1\" content=\"Verfasst von\" \/>\n\t<meta name=\"twitter:data1\" content=\"admin-novembre\" \/>\n\t<meta name=\"twitter:label2\" content=\"Gesch\u00e4tzte Lesezeit\" \/>\n\t<meta name=\"twitter:data2\" content=\"1 minute\" \/>\n<script type=\"application\/ld+json\" class=\"yoast-schema-graph\">{\"@context\":\"https:\/\/schema.org\",\"@graph\":[{\"@type\":\"Article\",\"@id\":\"https:\/\/delfingen.com\/de\/bernard-streit-uebertraegt-den-vorsitz-an-seinen-sohn-gerald\/#article\",\"isPartOf\":{\"@id\":\"https:\/\/delfingen.com\/de\/bernard-streit-uebertraegt-den-vorsitz-an-seinen-sohn-gerald\/\"},\"author\":{\"name\":\"admin-novembre\",\"@id\":\"https:\/\/delfingen.com\/en\/#\/schema\/person\/1de9807dfaafd6e880285518b0c7f01a\"},\"headline\":\"Bernard Streit \u00fcbertr\u00e4gt den Vorsitz an seinen Sohn G\u00e9rald.\",\"datePublished\":\"2018-06-06T10:11:31+00:00\",\"dateModified\":\"2018-07-04T10:12:04+00:00\",\"mainEntityOfPage\":{\"@id\":\"https:\/\/delfingen.com\/de\/bernard-streit-uebertraegt-den-vorsitz-an-seinen-sohn-gerald\/\"},\"wordCount\":161,\"commentCount\":0,\"image\":{\"@id\":\"https:\/\/delfingen.com\/de\/bernard-streit-uebertraegt-den-vorsitz-an-seinen-sohn-gerald\/#primaryimage\"},\"thumbnailUrl\":\"https:\/\/delfingen.com\/medias\/b-et-g.jpg\",\"articleSection\":[\"Non classifi\u00e9(e)\"],\"inLanguage\":\"de-DE\",\"potentialAction\":[{\"@type\":\"CommentAction\",\"name\":\"Comment\",\"target\":[\"https:\/\/delfingen.com\/de\/bernard-streit-uebertraegt-den-vorsitz-an-seinen-sohn-gerald\/#respond\"]}]},{\"@type\":\"WebPage\",\"@id\":\"https:\/\/delfingen.com\/de\/bernard-streit-uebertraegt-den-vorsitz-an-seinen-sohn-gerald\/\",\"url\":\"https:\/\/delfingen.com\/de\/bernard-streit-uebertraegt-den-vorsitz-an-seinen-sohn-gerald\/\",\"name\":\"Bernard Streit \u00fcbertr\u00e4gt den Vorsitz an seinen Sohn G\u00e9rald. | DELFINGEN\",\"isPartOf\":{\"@id\":\"https:\/\/delfingen.com\/en\/#website\"},\"primaryImageOfPage\":{\"@id\":\"https:\/\/delfingen.com\/de\/bernard-streit-uebertraegt-den-vorsitz-an-seinen-sohn-gerald\/#primaryimage\"},\"image\":{\"@id\":\"https:\/\/delfingen.com\/de\/bernard-streit-uebertraegt-den-vorsitz-an-seinen-sohn-gerald\/#primaryimage\"},\"thumbnailUrl\":\"https:\/\/delfingen.com\/medias\/b-et-g.jpg\",\"datePublished\":\"2018-06-06T10:11:31+00:00\",\"dateModified\":\"2018-07-04T10:12:04+00:00\",\"author\":{\"@id\":\"https:\/\/delfingen.com\/en\/#\/schema\/person\/1de9807dfaafd6e880285518b0c7f01a\"},\"inLanguage\":\"de-DE\",\"potentialAction\":[{\"@type\":\"ReadAction\",\"target\":[\"https:\/\/delfingen.com\/de\/bernard-streit-uebertraegt-den-vorsitz-an-seinen-sohn-gerald\/\"]}]},{\"@type\":\"ImageObject\",\"inLanguage\":\"de-DE\",\"@id\":\"https:\/\/delfingen.com\/de\/bernard-streit-uebertraegt-den-vorsitz-an-seinen-sohn-gerald\/#primaryimage\",\"url\":\"https:\/\/delfingen.com\/medias\/b-et-g.jpg\",\"contentUrl\":\"https:\/\/delfingen.com\/medias\/b-et-g.jpg\",\"width\":5057,\"height\":3371},{\"@type\":\"WebSite\",\"@id\":\"https:\/\/delfingen.com\/en\/#website\",\"url\":\"https:\/\/delfingen.com\/en\/\",\"name\":\"DELFINGEN\",\"description\":\"\u00c9quipementier automobile mondial\",\"potentialAction\":[{\"@type\":\"SearchAction\",\"target\":{\"@type\":\"EntryPoint\",\"urlTemplate\":\"https:\/\/delfingen.com\/en\/?s={search_term_string}\"},\"query-input\":{\"@type\":\"PropertyValueSpecification\",\"valueRequired\":true,\"valueName\":\"search_term_string\"}}],\"inLanguage\":\"de-DE\"},{\"@type\":\"Person\",\"@id\":\"https:\/\/delfingen.com\/en\/#\/schema\/person\/1de9807dfaafd6e880285518b0c7f01a\",\"name\":\"admin-novembre\"}]}<\/script>\n<!-- \/ Yoast SEO plugin. -->","yoast_head_json":{"title":"Bernard Streit \u00fcbertr\u00e4gt den Vorsitz an seinen Sohn G\u00e9rald. | DELFINGEN","robots":{"index":"index","follow":"follow","max-snippet":"max-snippet:-1","max-image-preview":"max-image-preview:large","max-video-preview":"max-video-preview:-1"},"canonical":"https:\/\/delfingen.com\/de\/bernard-streit-uebertraegt-den-vorsitz-an-seinen-sohn-gerald\/","og_locale":"de_DE","og_type":"article","og_title":"Bernard Streit \u00fcbertr\u00e4gt den Vorsitz an seinen Sohn G\u00e9rald. | DELFINGEN","og_description":"Nach 35-j\u00e4hriger F\u00fchrung des Unternehmens DELFINGEN entschied Bernard Streit den Vorsitz des Board of Directors an seinen Sohn G\u00e9rald zu \u00fcbertragen. Bernard Streit beh\u00e4lt sein Administratormandat im Board of Directors. Bernard Streit: \u201cDiese Entscheidung ist der H\u00f6hepunkt bei der \u00dcbergabe an meinen Sohn G\u00e9rald. Nachdem er verschiedene Positionen im Unternehmen besetzt hatte wurde er 2015 [&hellip;]","og_url":"https:\/\/delfingen.com\/de\/bernard-streit-uebertraegt-den-vorsitz-an-seinen-sohn-gerald\/","og_site_name":"DELFINGEN","article_published_time":"2018-06-06T10:11:31+00:00","article_modified_time":"2018-07-04T10:12:04+00:00","og_image":[{"width":1400,"height":933,"url":"https:\/\/delfingen.com\/medias\/b-et-g-1400x933.jpg","type":"image\/jpeg"}],"author":"admin-novembre","twitter_card":"summary_large_image","twitter_misc":{"Verfasst von":"admin-novembre","Gesch\u00e4tzte Lesezeit":"1 minute"},"schema":{"@context":"https:\/\/schema.org","@graph":[{"@type":"Article","@id":"https:\/\/delfingen.com\/de\/bernard-streit-uebertraegt-den-vorsitz-an-seinen-sohn-gerald\/#article","isPartOf":{"@id":"https:\/\/delfingen.com\/de\/bernard-streit-uebertraegt-den-vorsitz-an-seinen-sohn-gerald\/"},"author":{"name":"admin-novembre","@id":"https:\/\/delfingen.com\/en\/#\/schema\/person\/1de9807dfaafd6e880285518b0c7f01a"},"headline":"Bernard Streit \u00fcbertr\u00e4gt den Vorsitz an seinen Sohn G\u00e9rald.","datePublished":"2018-06-06T10:11:31+00:00","dateModified":"2018-07-04T10:12:04+00:00","mainEntityOfPage":{"@id":"https:\/\/delfingen.com\/de\/bernard-streit-uebertraegt-den-vorsitz-an-seinen-sohn-gerald\/"},"wordCount":161,"commentCount":0,"image":{"@id":"https:\/\/delfingen.com\/de\/bernard-streit-uebertraegt-den-vorsitz-an-seinen-sohn-gerald\/#primaryimage"},"thumbnailUrl":"https:\/\/delfingen.com\/medias\/b-et-g.jpg","articleSection":["Non classifi\u00e9(e)"],"inLanguage":"de-DE","potentialAction":[{"@type":"CommentAction","name":"Comment","target":["https:\/\/delfingen.com\/de\/bernard-streit-uebertraegt-den-vorsitz-an-seinen-sohn-gerald\/#respond"]}]},{"@type":"WebPage","@id":"https:\/\/delfingen.com\/de\/bernard-streit-uebertraegt-den-vorsitz-an-seinen-sohn-gerald\/","url":"https:\/\/delfingen.com\/de\/bernard-streit-uebertraegt-den-vorsitz-an-seinen-sohn-gerald\/","name":"Bernard Streit \u00fcbertr\u00e4gt den Vorsitz an seinen Sohn G\u00e9rald. | DELFINGEN","isPartOf":{"@id":"https:\/\/delfingen.com\/en\/#website"},"primaryImageOfPage":{"@id":"https:\/\/delfingen.com\/de\/bernard-streit-uebertraegt-den-vorsitz-an-seinen-sohn-gerald\/#primaryimage"},"image":{"@id":"https:\/\/delfingen.com\/de\/bernard-streit-uebertraegt-den-vorsitz-an-seinen-sohn-gerald\/#primaryimage"},"thumbnailUrl":"https:\/\/delfingen.com\/medias\/b-et-g.jpg","datePublished":"2018-06-06T10:11:31+00:00","dateModified":"2018-07-04T10:12:04+00:00","author":{"@id":"https:\/\/delfingen.com\/en\/#\/schema\/person\/1de9807dfaafd6e880285518b0c7f01a"},"inLanguage":"de-DE","potentialAction":[{"@type":"ReadAction","target":["https:\/\/delfingen.com\/de\/bernard-streit-uebertraegt-den-vorsitz-an-seinen-sohn-gerald\/"]}]},{"@type":"ImageObject","inLanguage":"de-DE","@id":"https:\/\/delfingen.com\/de\/bernard-streit-uebertraegt-den-vorsitz-an-seinen-sohn-gerald\/#primaryimage","url":"https:\/\/delfingen.com\/medias\/b-et-g.jpg","contentUrl":"https:\/\/delfingen.com\/medias\/b-et-g.jpg","width":5057,"height":3371},{"@type":"WebSite","@id":"https:\/\/delfingen.com\/en\/#website","url":"https:\/\/delfingen.com\/en\/","name":"DELFINGEN","description":"\u00c9quipementier automobile mondial","potentialAction":[{"@type":"SearchAction","target":{"@type":"EntryPoint","urlTemplate":"https:\/\/delfingen.com\/en\/?s={search_term_string}"},"query-input":{"@type":"PropertyValueSpecification","valueRequired":true,"valueName":"search_term_string"}}],"inLanguage":"de-DE"},{"@type":"Person","@id":"https:\/\/delfingen.com\/en\/#\/schema\/person\/1de9807dfaafd6e880285518b0c7f01a","name":"admin-novembre"}]}},"_links":{"self":[{"href":"https:\/\/delfingen.com\/de\/wp-json\/wp\/v2\/posts\/8093","targetHints":{"allow":["GET"]}}],"collection":[{"href":"https:\/\/delfingen.com\/de\/wp-json\/wp\/v2\/posts"}],"about":[{"href":"https:\/\/delfingen.com\/de\/wp-json\/wp\/v2\/types\/post"}],"author":[{"embeddable":true,"href":"https:\/\/delfingen.com\/de\/wp-json\/wp\/v2\/users\/2"}],"replies":[{"embeddable":true,"href":"https:\/\/delfingen.com\/de\/wp-json\/wp\/v2\/comments?post=8093"}],"version-history":[{"count":1,"href":"https:\/\/delfingen.com\/de\/wp-json\/wp\/v2\/posts\/8093\/revisions"}],"predecessor-version":[{"id":8094,"href":"https:\/\/delfingen.com\/de\/wp-json\/wp\/v2\/posts\/8093\/revisions\/8094"}],"wp:featuredmedia":[{"embeddable":true,"href":"https:\/\/delfingen.com\/de\/wp-json\/wp\/v2\/media\/7943"}],"wp:attachment":[{"href":"https:\/\/delfingen.com\/de\/wp-json\/wp\/v2\/media?parent=8093"}],"wp:term":[{"taxonomy":"category","embeddable":true,"href":"https:\/\/delfingen.com\/de\/wp-json\/wp\/v2\/categories?post=8093"},{"taxonomy":"post_tag","embeddable":true,"href":"https:\/\/delfingen.com\/de\/wp-json\/wp\/v2\/tags?post=8093"}],"curies":[{"name":"wp","href":"https:\/\/api.w.org\/{rel}","templated":true}]}}