{"id":8556,"date":"2018-09-25T16:13:41","date_gmt":"2018-09-25T14:13:41","guid":{"rendered":"https:\/\/delfingen.com\/?p=8556"},"modified":"2018-10-26T16:05:35","modified_gmt":"2018-10-26T14:05:35","slug":"delfingen-nimmt-vom-16-bis-18-oktober-an-der-10-internationalen-zulieferboerse-izb-in-wolfsburg-teil","status":"publish","type":"post","link":"https:\/\/delfingen.com\/de\/delfingen-nimmt-vom-16-bis-18-oktober-an-der-10-internationalen-zulieferboerse-izb-in-wolfsburg-teil\/","title":{"rendered":"DELFINGEN nimmt an der &#8220;Internationalen Zuliefererb\u00f6rse&#8221; (IZB) in Deutschland teil"},"content":{"rendered":"<p><span style=\"font-weight: 400;\">DELFINGEN nimmt vom 16. bis 18. Oktober an der 10. \u201cInternationalen Zulieferb\u00f6rse\u201d (IZB) in Wolfsburg teil.<\/span><\/p>\n<p><span style=\"font-weight: 400;\">Die Messe IZB ist die gr\u00f6\u00dfte internationale Veranstaltung f\u00fcr Automobilzulieferer in Europa. Alle zwei Jahre bringt es die f\u00fchrenden Unternehmen der Branche zusammen. <\/span><\/p>\n<p><span style=\"font-weight: 400;\">Diese wichtige Veranstaltung versammelt mehr als 800 Aussteller aus 34 verschiedenen L\u00e4ndern und zieht jedes Jahr mehr als 50.000 Besucher an. Es bietet die Gelegenheit, die neuesten Trends und Innovationen zu \u00a0entdecken, um das Auto der Zukunft zu bauen.<\/span><\/p>\n<p>DELFINGEN hei\u03b2t Sie willkommen und wird seine beiden Hauptaktivit\u00e4ten pr\u00e4sentieren:<\/p>\n<ul>\n<li style=\"font-weight: 400;\"><span style=\"font-weight: 400;\">Der erste Bereich widmet sich unseren L\u00f6sungen zum Schutz von Kabeln, Kabelb\u00e4umen &amp; medienf\u00fchrenden Leitungen. Ein Fokus liegt auf unseren innovativen L\u00f6sungen f\u00fcr Isolierung, Schutz und F\u00fchrung von Hochvoltleitungen f\u00fcr Hybrid- und Elektrofahrzeuge.<\/span><\/li>\n<li style=\"font-weight: 400;\"><span style=\"font-weight: 400;\">Der zweite Bereich widmet sich technischen Schl\u00e4uchen f\u00fcr den Transport von Niederdruckfl\u00fcssigkeiten in Kraftstofftanks, f\u00fcr den Motorraum und Waschsystemen.<\/span><\/li>\n<\/ul>\n<p><span style=\"font-weight: 400;\">Besuchen Sie uns an unserem Stand 6328 in Halle 6! Unser spezialisiertes Technik- und Vertriebsteam freut sich, Sie zu begr\u00fc\u00dfen und all Ihre Fragen zu beantworten. <\/span><\/p>\n<p><span style=\"font-weight: 400;\">F\u00fcr weitere Informationen \u00fcber die IZB, besuchen Sie <\/span><a href=\"http:\/\/www.izb-online.com\/de\/home.html\" target=\"_blank\" rel=\"noopener\"><span style=\"font-weight: 400;\">www.izb-online.com<\/span><\/a><span style=\"font-weight: 400;\">. <\/span><\/p>\n<p><img loading=\"lazy\" decoding=\"async\" class=\"alignnone wp-image-9844\" src=\"https:\/\/delfingen.com\/medias\/izb_33-245x512.jpg\" alt=\"\" width=\"171\" height=\"357\" srcset=\"https:\/\/delfingen.com\/medias\/izb_33-245x512.jpg 245w, https:\/\/delfingen.com\/medias\/izb_33-768x1606.jpg 768w, https:\/\/delfingen.com\/medias\/izb_33-669x1400.jpg 669w, https:\/\/delfingen.com\/medias\/izb_33.jpg 1224w\" sizes=\"auto, (max-width: 171px) 100vw, 171px\" \/>\u00a0<img loading=\"lazy\" decoding=\"async\" class=\"alignnone size-medium wp-image-9849\" src=\"https:\/\/delfingen.com\/medias\/izb_1-512x356.jpg\" alt=\"\" width=\"512\" height=\"356\" srcset=\"https:\/\/delfingen.com\/medias\/izb_1-512x356.jpg 512w, https:\/\/delfingen.com\/medias\/izb_1-768x535.jpg 768w, https:\/\/delfingen.com\/medias\/izb_1-1400x974.jpg 1400w, https:\/\/delfingen.com\/medias\/izb_1.jpg 1908w\" sizes=\"auto, (max-width: 512px) 100vw, 512px\" \/>\u00a0<img loading=\"lazy\" decoding=\"async\" class=\"alignnone wp-image-9854\" src=\"https:\/\/delfingen.com\/medias\/izb_22-257x512.jpg\" alt=\"\" width=\"179\" height=\"356\" srcset=\"https:\/\/delfingen.com\/medias\/izb_22-257x512.jpg 257w, https:\/\/delfingen.com\/medias\/izb_22-768x1531.jpg 768w, https:\/\/delfingen.com\/medias\/izb_22-702x1400.jpg 702w, https:\/\/delfingen.com\/medias\/izb_22.jpg 1284w\" sizes=\"auto, (max-width: 179px) 100vw, 179px\" \/><\/p>\n","protected":false},"excerpt":{"rendered":"<p>DELFINGEN nimmt vom 16. bis 18. Oktober an der 10. \u201cInternationalen Zulieferb\u00f6rse\u201d (IZB) in Wolfsburg teil. Die Messe IZB ist die gr\u00f6\u00dfte internationale Veranstaltung f\u00fcr Automobilzulieferer in Europa. Alle zwei Jahre bringt es die f\u00fchrenden Unternehmen der Branche zusammen. Diese wichtige Veranstaltung versammelt mehr als 800 Aussteller aus 34 verschiedenen L\u00e4ndern und zieht jedes Jahr [&hellip;]<\/p>\n","protected":false},"author":18,"featured_media":8568,"comment_status":"open","ping_status":"open","sticky":false,"template":"","format":"standard","meta":{"_acf_changed":false,"footnotes":""},"categories":[1],"tags":[],"class_list":["post-8556","post","type-post","status-publish","format-standard","has-post-thumbnail","hentry","category-non-classifiee"],"acf":[],"yoast_head":"<!-- This site is optimized with the Yoast SEO plugin v27.2 - https:\/\/yoast.com\/product\/yoast-seo-wordpress\/ -->\n<title>DELFINGEN nimmt an der &quot;Internationalen Zuliefererb\u00f6rse&quot; (IZB) in Deutschland teil | DELFINGEN<\/title>\n<meta name=\"robots\" content=\"index, follow, max-snippet:-1, max-image-preview:large, max-video-preview:-1\" \/>\n<link rel=\"canonical\" href=\"https:\/\/delfingen.com\/de\/delfingen-nimmt-vom-16-bis-18-oktober-an-der-10-internationalen-zulieferboerse-izb-in-wolfsburg-teil\/\" \/>\n<meta property=\"og:locale\" content=\"de_DE\" \/>\n<meta property=\"og:type\" content=\"article\" \/>\n<meta property=\"og:title\" content=\"DELFINGEN nimmt an der &quot;Internationalen Zuliefererb\u00f6rse&quot; (IZB) in Deutschland teil | DELFINGEN\" \/>\n<meta property=\"og:description\" content=\"DELFINGEN nimmt vom 16. bis 18. Oktober an der 10. \u201cInternationalen Zulieferb\u00f6rse\u201d (IZB) in Wolfsburg teil. Die Messe IZB ist die gr\u00f6\u00dfte internationale Veranstaltung f\u00fcr Automobilzulieferer in Europa. Alle zwei Jahre bringt es die f\u00fchrenden Unternehmen der Branche zusammen. Diese wichtige Veranstaltung versammelt mehr als 800 Aussteller aus 34 verschiedenen L\u00e4ndern und zieht jedes Jahr [&hellip;]\" \/>\n<meta property=\"og:url\" content=\"https:\/\/delfingen.com\/de\/delfingen-nimmt-vom-16-bis-18-oktober-an-der-10-internationalen-zulieferboerse-izb-in-wolfsburg-teil\/\" \/>\n<meta property=\"og:site_name\" content=\"DELFINGEN\" \/>\n<meta property=\"article:published_time\" content=\"2018-09-25T14:13:41+00:00\" \/>\n<meta property=\"article:modified_time\" content=\"2018-10-26T14:05:35+00:00\" \/>\n<meta property=\"og:image\" content=\"https:\/\/delfingen.com\/medias\/delfingen_izb-2018_article-1.png\" \/>\n\t<meta property=\"og:image:width\" content=\"1392\" \/>\n\t<meta property=\"og:image:height\" content=\"696\" \/>\n\t<meta property=\"og:image:type\" content=\"image\/png\" \/>\n<meta name=\"author\" content=\"St\u00e9phanie Vallot\" \/>\n<meta name=\"twitter:card\" content=\"summary_large_image\" \/>\n<meta name=\"twitter:label1\" content=\"Verfasst von\" \/>\n\t<meta name=\"twitter:data1\" content=\"St\u00e9phanie Vallot\" \/>\n\t<meta name=\"twitter:label2\" content=\"Gesch\u00e4tzte Lesezeit\" \/>\n\t<meta name=\"twitter:data2\" content=\"1 minute\" \/>\n<script type=\"application\/ld+json\" class=\"yoast-schema-graph\">{\"@context\":\"https:\/\/schema.org\",\"@graph\":[{\"@type\":\"Article\",\"@id\":\"https:\/\/delfingen.com\/de\/delfingen-nimmt-vom-16-bis-18-oktober-an-der-10-internationalen-zulieferboerse-izb-in-wolfsburg-teil\/#article\",\"isPartOf\":{\"@id\":\"https:\/\/delfingen.com\/de\/delfingen-nimmt-vom-16-bis-18-oktober-an-der-10-internationalen-zulieferboerse-izb-in-wolfsburg-teil\/\"},\"author\":{\"name\":\"St\u00e9phanie Vallot\",\"@id\":\"https:\/\/delfingen.com\/en\/#\/schema\/person\/7fd00d1bfa1069f46420dfffd81eee0d\"},\"headline\":\"DELFINGEN nimmt an der &#8220;Internationalen Zuliefererb\u00f6rse&#8221; (IZB) in Deutschland teil\",\"datePublished\":\"2018-09-25T14:13:41+00:00\",\"dateModified\":\"2018-10-26T14:05:35+00:00\",\"mainEntityOfPage\":{\"@id\":\"https:\/\/delfingen.com\/de\/delfingen-nimmt-vom-16-bis-18-oktober-an-der-10-internationalen-zulieferboerse-izb-in-wolfsburg-teil\/\"},\"wordCount\":201,\"commentCount\":0,\"image\":{\"@id\":\"https:\/\/delfingen.com\/de\/delfingen-nimmt-vom-16-bis-18-oktober-an-der-10-internationalen-zulieferboerse-izb-in-wolfsburg-teil\/#primaryimage\"},\"thumbnailUrl\":\"https:\/\/delfingen.com\/medias\/delfingen_izb-2018_article-1.png\",\"articleSection\":[\"Non classifi\u00e9(e)\"],\"inLanguage\":\"de-DE\",\"potentialAction\":[{\"@type\":\"CommentAction\",\"name\":\"Comment\",\"target\":[\"https:\/\/delfingen.com\/de\/delfingen-nimmt-vom-16-bis-18-oktober-an-der-10-internationalen-zulieferboerse-izb-in-wolfsburg-teil\/#respond\"]}]},{\"@type\":\"WebPage\",\"@id\":\"https:\/\/delfingen.com\/de\/delfingen-nimmt-vom-16-bis-18-oktober-an-der-10-internationalen-zulieferboerse-izb-in-wolfsburg-teil\/\",\"url\":\"https:\/\/delfingen.com\/de\/delfingen-nimmt-vom-16-bis-18-oktober-an-der-10-internationalen-zulieferboerse-izb-in-wolfsburg-teil\/\",\"name\":\"DELFINGEN nimmt an der \\\"Internationalen Zuliefererb\u00f6rse\\\" (IZB) in Deutschland teil | DELFINGEN\",\"isPartOf\":{\"@id\":\"https:\/\/delfingen.com\/en\/#website\"},\"primaryImageOfPage\":{\"@id\":\"https:\/\/delfingen.com\/de\/delfingen-nimmt-vom-16-bis-18-oktober-an-der-10-internationalen-zulieferboerse-izb-in-wolfsburg-teil\/#primaryimage\"},\"image\":{\"@id\":\"https:\/\/delfingen.com\/de\/delfingen-nimmt-vom-16-bis-18-oktober-an-der-10-internationalen-zulieferboerse-izb-in-wolfsburg-teil\/#primaryimage\"},\"thumbnailUrl\":\"https:\/\/delfingen.com\/medias\/delfingen_izb-2018_article-1.png\",\"datePublished\":\"2018-09-25T14:13:41+00:00\",\"dateModified\":\"2018-10-26T14:05:35+00:00\",\"author\":{\"@id\":\"https:\/\/delfingen.com\/en\/#\/schema\/person\/7fd00d1bfa1069f46420dfffd81eee0d\"},\"inLanguage\":\"de-DE\",\"potentialAction\":[{\"@type\":\"ReadAction\",\"target\":[\"https:\/\/delfingen.com\/de\/delfingen-nimmt-vom-16-bis-18-oktober-an-der-10-internationalen-zulieferboerse-izb-in-wolfsburg-teil\/\"]}]},{\"@type\":\"ImageObject\",\"inLanguage\":\"de-DE\",\"@id\":\"https:\/\/delfingen.com\/de\/delfingen-nimmt-vom-16-bis-18-oktober-an-der-10-internationalen-zulieferboerse-izb-in-wolfsburg-teil\/#primaryimage\",\"url\":\"https:\/\/delfingen.com\/medias\/delfingen_izb-2018_article-1.png\",\"contentUrl\":\"https:\/\/delfingen.com\/medias\/delfingen_izb-2018_article-1.png\",\"width\":1392,\"height\":696},{\"@type\":\"WebSite\",\"@id\":\"https:\/\/delfingen.com\/en\/#website\",\"url\":\"https:\/\/delfingen.com\/en\/\",\"name\":\"DELFINGEN\",\"description\":\"\u00c9quipementier automobile mondial\",\"potentialAction\":[{\"@type\":\"SearchAction\",\"target\":{\"@type\":\"EntryPoint\",\"urlTemplate\":\"https:\/\/delfingen.com\/en\/?s={search_term_string}\"},\"query-input\":{\"@type\":\"PropertyValueSpecification\",\"valueRequired\":true,\"valueName\":\"search_term_string\"}}],\"inLanguage\":\"de-DE\"},{\"@type\":\"Person\",\"@id\":\"https:\/\/delfingen.com\/en\/#\/schema\/person\/7fd00d1bfa1069f46420dfffd81eee0d\",\"name\":\"St\u00e9phanie Vallot\",\"sameAs\":[\"http:\/\/delfingen.com\"]}]}<\/script>\n<!-- \/ Yoast SEO plugin. -->","yoast_head_json":{"title":"DELFINGEN nimmt an der \"Internationalen Zuliefererb\u00f6rse\" (IZB) in Deutschland teil | DELFINGEN","robots":{"index":"index","follow":"follow","max-snippet":"max-snippet:-1","max-image-preview":"max-image-preview:large","max-video-preview":"max-video-preview:-1"},"canonical":"https:\/\/delfingen.com\/de\/delfingen-nimmt-vom-16-bis-18-oktober-an-der-10-internationalen-zulieferboerse-izb-in-wolfsburg-teil\/","og_locale":"de_DE","og_type":"article","og_title":"DELFINGEN nimmt an der \"Internationalen Zuliefererb\u00f6rse\" (IZB) in Deutschland teil | DELFINGEN","og_description":"DELFINGEN nimmt vom 16. bis 18. Oktober an der 10. \u201cInternationalen Zulieferb\u00f6rse\u201d (IZB) in Wolfsburg teil. Die Messe IZB ist die gr\u00f6\u00dfte internationale Veranstaltung f\u00fcr Automobilzulieferer in Europa. Alle zwei Jahre bringt es die f\u00fchrenden Unternehmen der Branche zusammen. Diese wichtige Veranstaltung versammelt mehr als 800 Aussteller aus 34 verschiedenen L\u00e4ndern und zieht jedes Jahr [&hellip;]","og_url":"https:\/\/delfingen.com\/de\/delfingen-nimmt-vom-16-bis-18-oktober-an-der-10-internationalen-zulieferboerse-izb-in-wolfsburg-teil\/","og_site_name":"DELFINGEN","article_published_time":"2018-09-25T14:13:41+00:00","article_modified_time":"2018-10-26T14:05:35+00:00","og_image":[{"width":1392,"height":696,"url":"https:\/\/delfingen.com\/medias\/delfingen_izb-2018_article-1.png","type":"image\/png"}],"author":"St\u00e9phanie Vallot","twitter_card":"summary_large_image","twitter_misc":{"Verfasst von":"St\u00e9phanie Vallot","Gesch\u00e4tzte Lesezeit":"1 minute"},"schema":{"@context":"https:\/\/schema.org","@graph":[{"@type":"Article","@id":"https:\/\/delfingen.com\/de\/delfingen-nimmt-vom-16-bis-18-oktober-an-der-10-internationalen-zulieferboerse-izb-in-wolfsburg-teil\/#article","isPartOf":{"@id":"https:\/\/delfingen.com\/de\/delfingen-nimmt-vom-16-bis-18-oktober-an-der-10-internationalen-zulieferboerse-izb-in-wolfsburg-teil\/"},"author":{"name":"St\u00e9phanie Vallot","@id":"https:\/\/delfingen.com\/en\/#\/schema\/person\/7fd00d1bfa1069f46420dfffd81eee0d"},"headline":"DELFINGEN nimmt an der &#8220;Internationalen Zuliefererb\u00f6rse&#8221; (IZB) in Deutschland teil","datePublished":"2018-09-25T14:13:41+00:00","dateModified":"2018-10-26T14:05:35+00:00","mainEntityOfPage":{"@id":"https:\/\/delfingen.com\/de\/delfingen-nimmt-vom-16-bis-18-oktober-an-der-10-internationalen-zulieferboerse-izb-in-wolfsburg-teil\/"},"wordCount":201,"commentCount":0,"image":{"@id":"https:\/\/delfingen.com\/de\/delfingen-nimmt-vom-16-bis-18-oktober-an-der-10-internationalen-zulieferboerse-izb-in-wolfsburg-teil\/#primaryimage"},"thumbnailUrl":"https:\/\/delfingen.com\/medias\/delfingen_izb-2018_article-1.png","articleSection":["Non classifi\u00e9(e)"],"inLanguage":"de-DE","potentialAction":[{"@type":"CommentAction","name":"Comment","target":["https:\/\/delfingen.com\/de\/delfingen-nimmt-vom-16-bis-18-oktober-an-der-10-internationalen-zulieferboerse-izb-in-wolfsburg-teil\/#respond"]}]},{"@type":"WebPage","@id":"https:\/\/delfingen.com\/de\/delfingen-nimmt-vom-16-bis-18-oktober-an-der-10-internationalen-zulieferboerse-izb-in-wolfsburg-teil\/","url":"https:\/\/delfingen.com\/de\/delfingen-nimmt-vom-16-bis-18-oktober-an-der-10-internationalen-zulieferboerse-izb-in-wolfsburg-teil\/","name":"DELFINGEN nimmt an der \"Internationalen Zuliefererb\u00f6rse\" (IZB) in Deutschland teil | DELFINGEN","isPartOf":{"@id":"https:\/\/delfingen.com\/en\/#website"},"primaryImageOfPage":{"@id":"https:\/\/delfingen.com\/de\/delfingen-nimmt-vom-16-bis-18-oktober-an-der-10-internationalen-zulieferboerse-izb-in-wolfsburg-teil\/#primaryimage"},"image":{"@id":"https:\/\/delfingen.com\/de\/delfingen-nimmt-vom-16-bis-18-oktober-an-der-10-internationalen-zulieferboerse-izb-in-wolfsburg-teil\/#primaryimage"},"thumbnailUrl":"https:\/\/delfingen.com\/medias\/delfingen_izb-2018_article-1.png","datePublished":"2018-09-25T14:13:41+00:00","dateModified":"2018-10-26T14:05:35+00:00","author":{"@id":"https:\/\/delfingen.com\/en\/#\/schema\/person\/7fd00d1bfa1069f46420dfffd81eee0d"},"inLanguage":"de-DE","potentialAction":[{"@type":"ReadAction","target":["https:\/\/delfingen.com\/de\/delfingen-nimmt-vom-16-bis-18-oktober-an-der-10-internationalen-zulieferboerse-izb-in-wolfsburg-teil\/"]}]},{"@type":"ImageObject","inLanguage":"de-DE","@id":"https:\/\/delfingen.com\/de\/delfingen-nimmt-vom-16-bis-18-oktober-an-der-10-internationalen-zulieferboerse-izb-in-wolfsburg-teil\/#primaryimage","url":"https:\/\/delfingen.com\/medias\/delfingen_izb-2018_article-1.png","contentUrl":"https:\/\/delfingen.com\/medias\/delfingen_izb-2018_article-1.png","width":1392,"height":696},{"@type":"WebSite","@id":"https:\/\/delfingen.com\/en\/#website","url":"https:\/\/delfingen.com\/en\/","name":"DELFINGEN","description":"\u00c9quipementier automobile mondial","potentialAction":[{"@type":"SearchAction","target":{"@type":"EntryPoint","urlTemplate":"https:\/\/delfingen.com\/en\/?s={search_term_string}"},"query-input":{"@type":"PropertyValueSpecification","valueRequired":true,"valueName":"search_term_string"}}],"inLanguage":"de-DE"},{"@type":"Person","@id":"https:\/\/delfingen.com\/en\/#\/schema\/person\/7fd00d1bfa1069f46420dfffd81eee0d","name":"St\u00e9phanie Vallot","sameAs":["http:\/\/delfingen.com"]}]}},"_links":{"self":[{"href":"https:\/\/delfingen.com\/de\/wp-json\/wp\/v2\/posts\/8556","targetHints":{"allow":["GET"]}}],"collection":[{"href":"https:\/\/delfingen.com\/de\/wp-json\/wp\/v2\/posts"}],"about":[{"href":"https:\/\/delfingen.com\/de\/wp-json\/wp\/v2\/types\/post"}],"author":[{"embeddable":true,"href":"https:\/\/delfingen.com\/de\/wp-json\/wp\/v2\/users\/18"}],"replies":[{"embeddable":true,"href":"https:\/\/delfingen.com\/de\/wp-json\/wp\/v2\/comments?post=8556"}],"version-history":[{"count":5,"href":"https:\/\/delfingen.com\/de\/wp-json\/wp\/v2\/posts\/8556\/revisions"}],"predecessor-version":[{"id":9862,"href":"https:\/\/delfingen.com\/de\/wp-json\/wp\/v2\/posts\/8556\/revisions\/9862"}],"wp:featuredmedia":[{"embeddable":true,"href":"https:\/\/delfingen.com\/de\/wp-json\/wp\/v2\/media\/8568"}],"wp:attachment":[{"href":"https:\/\/delfingen.com\/de\/wp-json\/wp\/v2\/media?parent=8556"}],"wp:term":[{"taxonomy":"category","embeddable":true,"href":"https:\/\/delfingen.com\/de\/wp-json\/wp\/v2\/categories?post=8556"},{"taxonomy":"post_tag","embeddable":true,"href":"https:\/\/delfingen.com\/de\/wp-json\/wp\/v2\/tags?post=8556"}],"curies":[{"name":"wp","href":"https:\/\/api.w.org\/{rel}","templated":true}]}}